{"id":5966,"date":"2024-02-13T15:18:14","date_gmt":"2024-02-13T13:18:14","guid":{"rendered":"https:\/\/pizzastick.es\/?p=5966"},"modified":"2024-06-05T12:50:08","modified_gmt":"2024-06-05T10:50:08","slug":"nuestra-campana-aniversario-de-pizza-stick-mas-creativa-con-esa-es-la-idea","status":"publish","type":"post","link":"https:\/\/pizzastick.es\/en\/nuestra-campana-aniversario-de-pizza-stick-mas-creativa-con-esa-es-la-idea\/","title":{"rendered":"Our most creative Anniversary Campaign with Esaeslaidea.com"},"content":{"rendered":"<p>\u00a1Querida familia\u00a0 Pizza Stickers!<\/p>\n<p>Este a\u00f1o,\u00a0 celebramos nuestros dulces 19 a\u00f1os de Pizza Stick, \u00a1Y para esta ocasi\u00f3n tan especial, \u00a1hemos preparado algo verdaderamente \u00fanico para vosotros!<\/p>\n<p>Nuestra Campa\u00f1a Aniversario Pizza Stick ha sido realizada junto a nuestro querido equipo de Marketing <a href=\"https:\/\/www.dogostrategy.com\/\">DogoStrategy<\/a>, Carmina de <a href=\"https:\/\/esaeslaidea.com\">Esa es la idea<\/a> y Andrea Di Bella, yo misma, \u00a0y est\u00e1 impregnada de pasi\u00f3n y dedicaci\u00f3n para nuestro incre\u00edble equipo de pizzaiolos.<\/p>\n<div id=\"attachment_5994\" style=\"width: 1034px\" class=\"wp-caption aligncenter\"><a href=\"http:\/\/https:\/\/pizzastick.es\/pedidos\/\"><img loading=\"lazy\" decoding=\"async\" aria-describedby=\"caption-attachment-5994\" class=\"wp-image-5994 size-large\" src=\"https:\/\/pizzastick.es\/wp-content\/uploads\/2024\/02\/CAMPANA-1024x576.png\" alt=\"ANIVERSARIO\" width=\"1024\" height=\"576\" srcset=\"https:\/\/pizzastick.es\/wp-content\/uploads\/2024\/02\/CAMPANA-1024x576.png 1024w, https:\/\/pizzastick.es\/wp-content\/uploads\/2024\/02\/CAMPANA-300x169.png 300w, https:\/\/pizzastick.es\/wp-content\/uploads\/2024\/02\/CAMPANA-768x432.png 768w, https:\/\/pizzastick.es\/wp-content\/uploads\/2024\/02\/CAMPANA-1536x864.png 1536w, https:\/\/pizzastick.es\/wp-content\/uploads\/2024\/02\/CAMPANA-700x394.png 700w, https:\/\/pizzastick.es\/wp-content\/uploads\/2024\/02\/CAMPANA-539x303.png 539w, https:\/\/pizzastick.es\/wp-content\/uploads\/2024\/02\/CAMPANA.png 1920w\" sizes=\"auto, (max-width: 1024px) 100vw, 1024px\" \/><\/a><p id=\"caption-attachment-5994\" class=\"wp-caption-text\">Campa\u00f1a aniversario pizza stick<\/p><\/div>\n<p>Despu\u00e9s de todo, \u00bfqui\u00e9n mejor que ellos para celebrar 19 a\u00f1os de aut\u00e9ntico sabor de Pizza Stick?<\/p>\n<p>Entonces, \u00bfqu\u00e9 incluye esta emocionante campa\u00f1a de aniversaio Pizza Stick? \u00a1Les contamos todo!<\/p>\n<p>Primero, hemos dividido la campa\u00f1a en dos partes emocionantes.<\/p>\n<p>La primera parte fue una formaci\u00f3n de <strong>Design Thinking<\/strong>, dirigida por la Creativa <a href=\"https:\/\/esaeslaidea.com\">Carmina de Esa es la idea<\/a> \u00a1Fue una experiencia alucinante! Trabajamos en equipo, explorando nuevas ideas y pensando fuera de la caja, todo mientras nos sumerg\u00edamos en esta manera de hacer las cosas\u00a0 diferente, teniendo en mente siempre nuestros valores de marca.<\/p>\n<p><a href=\"http:\/\/https:\/\/pizzastick.es\/pedidos\/\"><img loading=\"lazy\" decoding=\"async\" class=\"alignleft wp-image-5988 size-medium\" src=\"https:\/\/pizzastick.es\/wp-content\/uploads\/2024\/02\/desayunoDesign-Thinking-39-300x200.jpg\" alt=\"best team ever Pizza stick \" width=\"300\" height=\"200\" srcset=\"https:\/\/pizzastick.es\/wp-content\/uploads\/2024\/02\/desayunoDesign-Thinking-39-300x200.jpg 300w, https:\/\/pizzastick.es\/wp-content\/uploads\/2024\/02\/desayunoDesign-Thinking-39-1024x683.jpg 1024w, https:\/\/pizzastick.es\/wp-content\/uploads\/2024\/02\/desayunoDesign-Thinking-39-768x512.jpg 768w, https:\/\/pizzastick.es\/wp-content\/uploads\/2024\/02\/desayunoDesign-Thinking-39-1536x1024.jpg 1536w, https:\/\/pizzastick.es\/wp-content\/uploads\/2024\/02\/desayunoDesign-Thinking-39-2048x1365.jpg 2048w, https:\/\/pizzastick.es\/wp-content\/uploads\/2024\/02\/desayunoDesign-Thinking-39-700x467.jpg 700w\" sizes=\"auto, (max-width: 300px) 100vw, 300px\" \/><\/a><\/p>\n<p>Todo acompa\u00f1ado de un rico desayuno que nos brindo <a href=\"https:\/\/www.matiasbuenosdias.com\/es\/?gclid=Cj0KCQiAw6yuBhDrARIsACf94RU3h2JXupIoTyjFHb5IOuVqrLucc-moW4MNoiAOTK1JbROojPaxcgQaAo8bEALw_wcB\">Matias Buenos d\u00edas<\/a>, gracias al premio que ganamos en <a href=\"https:\/\/www.instagram.com\/ikeaspain\/\">Ikea Empresas<\/a>.<\/p>\n<p>\u00a1Carmina nos llev\u00f3 a mover, re\u00edr y abrir nuestras mentes a nuevas posibilidades!\u00a0 Fue una experiencia verdaderamente inspiradora que a nuestro equipo le encant\u00f3 \u00a1Y s\u00ed, siempre que hay algo delicioso de por medio, es un plus!<\/p>\n<p>&nbsp;<\/p>\n<p>&nbsp;<\/p>\n<h3>La segunda parte:<\/h3>\n<p>Y lo mejor est\u00e1 por venir. \u00a1Cada una de nuestras pizzer\u00edas dise\u00f1aron en equipo una nueva pizza que celebre estos 19 a\u00f1os de sabor inigualable! \u00bfPueden imaginar la creatividad que fluy\u00f3 en cada cocina? \u00a1Estamos emocionados de compartir con ustedes las delicias que nuestros equipos han creado!<\/p>\n<p>Pero eso no es todo, amigos. La segunda parte de nuestra campa\u00f1a es a\u00fan m\u00e1s emocionante. Prepararemos una presentaci\u00f3n digna de una competici\u00f3n donde un representante de cada equipo mostrar\u00e1 su propuesta delante de un jurado muy especial. \u00a1La fecha y el jurado se definir\u00e1n pronto, as\u00ed que est\u00e9n atentos!<\/p>\n<p>&nbsp;<\/p>\n<p><a href=\"http:\/\/https:\/\/pizzastick.us8.list-manage.com\/subscribe?u=7efd0433c2f8eeb52c1da467f&amp;id=3376f7287f\"><img loading=\"lazy\" decoding=\"async\" class=\"aligncenter wp-image-5984 size-large\" src=\"https:\/\/pizzastick.es\/wp-content\/uploads\/2024\/02\/Design-Thinking-258-1024x683.jpg\" alt=\"Working pizza stick team\" width=\"1024\" height=\"683\" srcset=\"https:\/\/pizzastick.es\/wp-content\/uploads\/2024\/02\/Design-Thinking-258-1024x683.jpg 1024w, https:\/\/pizzastick.es\/wp-content\/uploads\/2024\/02\/Design-Thinking-258-300x200.jpg 300w, https:\/\/pizzastick.es\/wp-content\/uploads\/2024\/02\/Design-Thinking-258-768x512.jpg 768w, https:\/\/pizzastick.es\/wp-content\/uploads\/2024\/02\/Design-Thinking-258-1536x1024.jpg 1536w, https:\/\/pizzastick.es\/wp-content\/uploads\/2024\/02\/Design-Thinking-258-2048x1365.jpg 2048w, https:\/\/pizzastick.es\/wp-content\/uploads\/2024\/02\/Design-Thinking-258-700x467.jpg 700w\" sizes=\"auto, (max-width: 1024px) 100vw, 1024px\" \/><\/a><\/p>\n<p>Y ahora, la parte m\u00e1s emocionante para ustedes, nuestros fieles clientes. \u00a1Todos ustedes tendr\u00e1n la oportunidad de visitar su pizzer\u00eda favorita y probar gratuitamente las deliciosas creaciones de nuestros equipos en un d\u00eda especial de degustaci\u00f3n! \u00a1Incluso podr\u00e1n votar por su pizza favorita, tanto en persona como online!<\/p>\n<p>Y aqu\u00ed viene el toque final: la pizza ganadora se agregar\u00e1 a nuestra carta y estar\u00e1 disponible durante todo el a\u00f1o. \u00a1As\u00ed que su voto marcar\u00e1 una diferencia real en nuestras ofertas!<\/p>\n<p><img loading=\"lazy\" decoding=\"async\" class=\"size-medium wp-image-5570 alignleft\" src=\"https:\/\/pizzastick.es\/wp-content\/uploads\/2023\/07\/Diseno-sin-titulo-300x300.png\" alt=\"\" width=\"300\" height=\"300\" srcset=\"https:\/\/pizzastick.es\/wp-content\/uploads\/2023\/07\/Diseno-sin-titulo-300x300.png 300w, https:\/\/pizzastick.es\/wp-content\/uploads\/2023\/07\/Diseno-sin-titulo-1024x1024.png 1024w, https:\/\/pizzastick.es\/wp-content\/uploads\/2023\/07\/Diseno-sin-titulo-150x150.png 150w, https:\/\/pizzastick.es\/wp-content\/uploads\/2023\/07\/Diseno-sin-titulo-768x768.png 768w, https:\/\/pizzastick.es\/wp-content\/uploads\/2023\/07\/Diseno-sin-titulo-570x570.png 570w, https:\/\/pizzastick.es\/wp-content\/uploads\/2023\/07\/Diseno-sin-titulo-500x500.png 500w, https:\/\/pizzastick.es\/wp-content\/uploads\/2023\/07\/Diseno-sin-titulo-1000x1000.png 1000w, https:\/\/pizzastick.es\/wp-content\/uploads\/2023\/07\/Diseno-sin-titulo-700x700.png 700w, https:\/\/pizzastick.es\/wp-content\/uploads\/2023\/07\/Diseno-sin-titulo.png 1080w\" sizes=\"auto, (max-width: 300px) 100vw, 300px\" \/>Pero espera, hay m\u00e1s. En cada una de nuestras pizzer\u00edas, estaremos fomentando la participaci\u00f3n y la motivaci\u00f3n con un emocionante reto interno. Si nuestros equipos logran alcanzar nuestros objetivos de ventas, \u00a1ellos tambi\u00e9n recibir\u00e1n un merecido premio! Ser\u00e1 una experiencia que podr\u00e1n disfrutar juntos, como un verdadero equipo.<\/p>\n<p>Estamos emocionados de compartir esta incre\u00edble experiencia con todos ustedes. Esperamos que sientan la misma emoci\u00f3n que nosotros.<\/p>\n<p>Mant\u00e9nganse atentos para m\u00e1s detalles sobre fechas y c\u00f3mo participar. \u00a1No podemos esperar a ver qu\u00e9 delicias nos esperan en esta Campa\u00f1a Aniversario Pizza Stick!<\/p>\n<p>&nbsp;<\/p>\n<p>&nbsp;<\/p>\n<p>&nbsp;<\/p>\n<p>\u00a1Hasta pronto, amantes de la pizza Stick!<\/p>\n<p>&nbsp;<\/p>\n<p>P.D: \u00bfEst\u00e1s emocionado con estas iniciativas que llevamos a cabo con nuestro equipo? \u00bfTe gustar\u00eda saber m\u00e1s sobre c\u00f3mo creamos estas experiencias? \u00bfQuieres colaborar con nosotros de alguna manera? \u00a1No dudes en escribirnos! \u00a1Queremos conocer tus pensamientos y trabajar juntos para crear momentos memorables!<\/p>\n<p>&nbsp;<\/p>\n<p>&nbsp;<\/p>","protected":false},"excerpt":{"rendered":"<p>\u00a1Querida familia\u00a0 Pizza Stickers! Este a\u00f1o,\u00a0 celebramos nuestros dulces 19 a\u00f1os de Pizza Stick, \u00a1Y para esta ocasi\u00f3n tan especial, \u00a1hemos preparado algo verdaderamente \u00fanico para vosotros! Nuestra Campa\u00f1a Aniversario Pizza Stick ha sido realizada junto a nuestro querido equipo de Marketing DogoStrategy, Carmina de&#8230;<\/p>","protected":false},"author":3,"featured_media":5984,"comment_status":"open","ping_status":"open","sticky":false,"template":"","format":"standard","meta":{"footnotes":""},"categories":[124,125],"tags":[],"class_list":["post-5966","post","type-post","status-publish","format-standard","has-post-thumbnail","hentry","category-evento","category-ideas"],"yoast_head":"<!-- This site is optimized with the Yoast SEO plugin v27.4 - https:\/\/yoast.com\/product\/yoast-seo-wordpress\/ -->\n<title>Nuestra Campa\u00f1a Aniversario m\u00e1s creativa con Esaeslaidea.com - Pizza Stick | Pizzas artesanas para los pizza lovers m\u00e1s exigentes<\/title>\n<meta name=\"description\" content=\"La Cerdanya, familia pizza lovers! Celebremos juntos nuestro 19\u00ba aniversario en Bellver, Escadarcs y Puigcerd\u00e0. \u00a1Pide y \u00fanete a la fiesta!\" \/>\n<meta name=\"robots\" content=\"index, follow, max-snippet:-1, max-image-preview:large, max-video-preview:-1\" \/>\n<link rel=\"canonical\" href=\"https:\/\/pizzastick.es\/en\/nuestra-campana-aniversario-de-pizza-stick-mas-creativa-con-esa-es-la-idea\/\" \/>\n<meta property=\"og:locale\" content=\"en_GB\" \/>\n<meta property=\"og:type\" content=\"article\" \/>\n<meta property=\"og:title\" content=\"Nuestra Campa\u00f1a Aniversario m\u00e1s creativa con Esaeslaidea.com - Pizza Stick | Pizzas artesanas para los pizza lovers m\u00e1s exigentes\" \/>\n<meta property=\"og:description\" content=\"La Cerdanya, familia pizza lovers! Celebremos juntos nuestro 19\u00ba aniversario en Bellver, Escadarcs y Puigcerd\u00e0. \u00a1Pide y \u00fanete a la fiesta!\" \/>\n<meta property=\"og:url\" content=\"https:\/\/pizzastick.es\/en\/nuestra-campana-aniversario-de-pizza-stick-mas-creativa-con-esa-es-la-idea\/\" \/>\n<meta property=\"og:site_name\" content=\"Pizza Stick | Pizzas artesanas para los pizza lovers m\u00e1s exigentes\" \/>\n<meta property=\"article:publisher\" content=\"https:\/\/www.facebook.com\/pizzeriapizzastick\" \/>\n<meta property=\"article:published_time\" content=\"2024-02-13T13:18:14+00:00\" \/>\n<meta property=\"article:modified_time\" content=\"2024-06-05T10:50:08+00:00\" \/>\n<meta property=\"og:image\" content=\"https:\/\/pizzastick.es\/wp-content\/uploads\/2024\/02\/Design-Thinking-258-scaled.jpg\" \/>\n\t<meta property=\"og:image:width\" content=\"2560\" \/>\n\t<meta property=\"og:image:height\" content=\"1707\" \/>\n\t<meta property=\"og:image:type\" content=\"image\/jpeg\" \/>\n<meta name=\"author\" content=\"Andrea\" \/>\n<meta name=\"twitter:card\" content=\"summary_large_image\" \/>\n<meta name=\"twitter:creator\" content=\"@pizza_stick_\" \/>\n<meta name=\"twitter:site\" content=\"@pizza_stick_\" \/>\n<meta name=\"twitter:label1\" content=\"Written by\" \/>\n\t<meta name=\"twitter:data1\" content=\"Andrea\" \/>\n\t<meta name=\"twitter:label2\" content=\"Estimated reading time\" \/>\n\t<meta name=\"twitter:data2\" content=\"4 minutes\" \/>\n<script type=\"application\/ld+json\" class=\"yoast-schema-graph\">{\"@context\":\"https:\\\/\\\/schema.org\",\"@graph\":[{\"@type\":\"Article\",\"@id\":\"https:\\\/\\\/pizzastick.es\\\/nuestra-campana-aniversario-de-pizza-stick-mas-creativa-con-esa-es-la-idea\\\/#article\",\"isPartOf\":{\"@id\":\"https:\\\/\\\/pizzastick.es\\\/nuestra-campana-aniversario-de-pizza-stick-mas-creativa-con-esa-es-la-idea\\\/\"},\"author\":{\"name\":\"Andrea\",\"@id\":\"https:\\\/\\\/pizzastick.es\\\/#\\\/schema\\\/person\\\/c164ec506c453162653fb0ffe1c16cce\"},\"headline\":\"Nuestra Campa\u00f1a Aniversario m\u00e1s creativa con Esaeslaidea.com\",\"datePublished\":\"2024-02-13T13:18:14+00:00\",\"dateModified\":\"2024-06-05T10:50:08+00:00\",\"mainEntityOfPage\":{\"@id\":\"https:\\\/\\\/pizzastick.es\\\/nuestra-campana-aniversario-de-pizza-stick-mas-creativa-con-esa-es-la-idea\\\/\"},\"wordCount\":622,\"commentCount\":0,\"publisher\":{\"@id\":\"https:\\\/\\\/pizzastick.es\\\/#organization\"},\"image\":{\"@id\":\"https:\\\/\\\/pizzastick.es\\\/nuestra-campana-aniversario-de-pizza-stick-mas-creativa-con-esa-es-la-idea\\\/#primaryimage\"},\"thumbnailUrl\":\"https:\\\/\\\/pizzastick.es\\\/wp-content\\\/uploads\\\/2024\\\/02\\\/Design-Thinking-258-scaled.jpg\",\"articleSection\":[\"Evento\",\"ideas\"],\"inLanguage\":\"en-GB\",\"potentialAction\":[{\"@type\":\"CommentAction\",\"name\":\"Comment\",\"target\":[\"https:\\\/\\\/pizzastick.es\\\/nuestra-campana-aniversario-de-pizza-stick-mas-creativa-con-esa-es-la-idea\\\/#respond\"]}]},{\"@type\":\"WebPage\",\"@id\":\"https:\\\/\\\/pizzastick.es\\\/nuestra-campana-aniversario-de-pizza-stick-mas-creativa-con-esa-es-la-idea\\\/\",\"url\":\"https:\\\/\\\/pizzastick.es\\\/nuestra-campana-aniversario-de-pizza-stick-mas-creativa-con-esa-es-la-idea\\\/\",\"name\":\"Nuestra Campa\u00f1a Aniversario m\u00e1s creativa con Esaeslaidea.com - Pizza Stick | Pizzas artesanas para los pizza lovers m\u00e1s exigentes\",\"isPartOf\":{\"@id\":\"https:\\\/\\\/pizzastick.es\\\/#website\"},\"primaryImageOfPage\":{\"@id\":\"https:\\\/\\\/pizzastick.es\\\/nuestra-campana-aniversario-de-pizza-stick-mas-creativa-con-esa-es-la-idea\\\/#primaryimage\"},\"image\":{\"@id\":\"https:\\\/\\\/pizzastick.es\\\/nuestra-campana-aniversario-de-pizza-stick-mas-creativa-con-esa-es-la-idea\\\/#primaryimage\"},\"thumbnailUrl\":\"https:\\\/\\\/pizzastick.es\\\/wp-content\\\/uploads\\\/2024\\\/02\\\/Design-Thinking-258-scaled.jpg\",\"datePublished\":\"2024-02-13T13:18:14+00:00\",\"dateModified\":\"2024-06-05T10:50:08+00:00\",\"description\":\"La Cerdanya, familia pizza lovers! Celebremos juntos nuestro 19\u00ba aniversario en Bellver, Escadarcs y Puigcerd\u00e0. \u00a1Pide y \u00fanete a la fiesta!\",\"breadcrumb\":{\"@id\":\"https:\\\/\\\/pizzastick.es\\\/nuestra-campana-aniversario-de-pizza-stick-mas-creativa-con-esa-es-la-idea\\\/#breadcrumb\"},\"inLanguage\":\"en-GB\",\"potentialAction\":[{\"@type\":\"ReadAction\",\"target\":[\"https:\\\/\\\/pizzastick.es\\\/nuestra-campana-aniversario-de-pizza-stick-mas-creativa-con-esa-es-la-idea\\\/\"]}]},{\"@type\":\"ImageObject\",\"inLanguage\":\"en-GB\",\"@id\":\"https:\\\/\\\/pizzastick.es\\\/nuestra-campana-aniversario-de-pizza-stick-mas-creativa-con-esa-es-la-idea\\\/#primaryimage\",\"url\":\"https:\\\/\\\/pizzastick.es\\\/wp-content\\\/uploads\\\/2024\\\/02\\\/Design-Thinking-258-scaled.jpg\",\"contentUrl\":\"https:\\\/\\\/pizzastick.es\\\/wp-content\\\/uploads\\\/2024\\\/02\\\/Design-Thinking-258-scaled.jpg\",\"width\":2560,\"height\":1707,\"caption\":\"pizza stick team\"},{\"@type\":\"BreadcrumbList\",\"@id\":\"https:\\\/\\\/pizzastick.es\\\/nuestra-campana-aniversario-de-pizza-stick-mas-creativa-con-esa-es-la-idea\\\/#breadcrumb\",\"itemListElement\":[{\"@type\":\"ListItem\",\"position\":1,\"name\":\"Portada\",\"item\":\"https:\\\/\\\/pizzastick.es\\\/\"},{\"@type\":\"ListItem\",\"position\":2,\"name\":\"Nuestra Campa\u00f1a Aniversario m\u00e1s creativa con Esaeslaidea.com\"}]},{\"@type\":\"WebSite\",\"@id\":\"https:\\\/\\\/pizzastick.es\\\/#website\",\"url\":\"https:\\\/\\\/pizzastick.es\\\/\",\"name\":\"Pizza Stick | Pizzas artesanas para los pizza lovers m\u00e1s exigentes\",\"description\":\"Pizzas artesanales de masa fina y crujientes, hechas 100% al momento. Tres pizzer\u00edas para comer en el local o a domicilio: Puigcerd\u00e1, Bellver y Escadarcs.\",\"publisher\":{\"@id\":\"https:\\\/\\\/pizzastick.es\\\/#organization\"},\"alternateName\":\"Pizza Stick\",\"potentialAction\":[{\"@type\":\"SearchAction\",\"target\":{\"@type\":\"EntryPoint\",\"urlTemplate\":\"https:\\\/\\\/pizzastick.es\\\/?s={search_term_string}\"},\"query-input\":{\"@type\":\"PropertyValueSpecification\",\"valueRequired\":true,\"valueName\":\"search_term_string\"}}],\"inLanguage\":\"en-GB\"},{\"@type\":\"Organization\",\"@id\":\"https:\\\/\\\/pizzastick.es\\\/#organization\",\"name\":\"Pizza Stick\",\"url\":\"https:\\\/\\\/pizzastick.es\\\/\",\"logo\":{\"@type\":\"ImageObject\",\"inLanguage\":\"en-GB\",\"@id\":\"https:\\\/\\\/pizzastick.es\\\/#\\\/schema\\\/logo\\\/image\\\/\",\"url\":\"https:\\\/\\\/pizzastick.es\\\/wp-content\\\/uploads\\\/2024\\\/02\\\/PS_LogoRedondaAmarillo.png\",\"contentUrl\":\"https:\\\/\\\/pizzastick.es\\\/wp-content\\\/uploads\\\/2024\\\/02\\\/PS_LogoRedondaAmarillo.png\",\"width\":329,\"height\":329,\"caption\":\"Pizza Stick\"},\"image\":{\"@id\":\"https:\\\/\\\/pizzastick.es\\\/#\\\/schema\\\/logo\\\/image\\\/\"},\"sameAs\":[\"https:\\\/\\\/www.facebook.com\\\/pizzeriapizzastick\",\"https:\\\/\\\/x.com\\\/pizza_stick_\",\"https:\\\/\\\/instagram.com\\\/pizzeriapizzastick\\\/\"]},{\"@type\":\"Person\",\"@id\":\"https:\\\/\\\/pizzastick.es\\\/#\\\/schema\\\/person\\\/c164ec506c453162653fb0ffe1c16cce\",\"name\":\"Andrea\",\"image\":{\"@type\":\"ImageObject\",\"inLanguage\":\"en-GB\",\"@id\":\"https:\\\/\\\/secure.gravatar.com\\\/avatar\\\/ce967459384f86ddc3d69942d6e2c92fa06c1ebece9dccf6ef57e404ada6fe0b?s=96&d=mm&r=g\",\"url\":\"https:\\\/\\\/secure.gravatar.com\\\/avatar\\\/ce967459384f86ddc3d69942d6e2c92fa06c1ebece9dccf6ef57e404ada6fe0b?s=96&d=mm&r=g\",\"contentUrl\":\"https:\\\/\\\/secure.gravatar.com\\\/avatar\\\/ce967459384f86ddc3d69942d6e2c92fa06c1ebece9dccf6ef57e404ada6fe0b?s=96&d=mm&r=g\",\"caption\":\"Andrea\"},\"sameAs\":[\"https:\\\/\\\/pizzastick.es\"]}]}<\/script>\n<!-- \/ Yoast SEO plugin. -->","yoast_head_json":{"title":"Nuestra Campa\u00f1a Aniversario m\u00e1s creativa con Esaeslaidea.com - Pizza Stick | Pizzas artesanas para los pizza lovers m\u00e1s exigentes","description":"La Cerdanya, familia pizza lovers! Celebremos juntos nuestro 19\u00ba aniversario en Bellver, Escadarcs y Puigcerd\u00e0. \u00a1Pide y \u00fanete a la fiesta!","robots":{"index":"index","follow":"follow","max-snippet":"max-snippet:-1","max-image-preview":"max-image-preview:large","max-video-preview":"max-video-preview:-1"},"canonical":"https:\/\/pizzastick.es\/en\/nuestra-campana-aniversario-de-pizza-stick-mas-creativa-con-esa-es-la-idea\/","og_locale":"en_GB","og_type":"article","og_title":"Nuestra Campa\u00f1a Aniversario m\u00e1s creativa con Esaeslaidea.com - Pizza Stick | Pizzas artesanas para los pizza lovers m\u00e1s exigentes","og_description":"La Cerdanya, familia pizza lovers! Celebremos juntos nuestro 19\u00ba aniversario en Bellver, Escadarcs y Puigcerd\u00e0. \u00a1Pide y \u00fanete a la fiesta!","og_url":"https:\/\/pizzastick.es\/en\/nuestra-campana-aniversario-de-pizza-stick-mas-creativa-con-esa-es-la-idea\/","og_site_name":"Pizza Stick | Pizzas artesanas para los pizza lovers m\u00e1s exigentes","article_publisher":"https:\/\/www.facebook.com\/pizzeriapizzastick","article_published_time":"2024-02-13T13:18:14+00:00","article_modified_time":"2024-06-05T10:50:08+00:00","og_image":[{"width":2560,"height":1707,"url":"https:\/\/pizzastick.es\/wp-content\/uploads\/2024\/02\/Design-Thinking-258-scaled.jpg","type":"image\/jpeg"}],"author":"Andrea","twitter_card":"summary_large_image","twitter_creator":"@pizza_stick_","twitter_site":"@pizza_stick_","twitter_misc":{"Written by":"Andrea","Estimated reading time":"4 minutes"},"schema":{"@context":"https:\/\/schema.org","@graph":[{"@type":"Article","@id":"https:\/\/pizzastick.es\/nuestra-campana-aniversario-de-pizza-stick-mas-creativa-con-esa-es-la-idea\/#article","isPartOf":{"@id":"https:\/\/pizzastick.es\/nuestra-campana-aniversario-de-pizza-stick-mas-creativa-con-esa-es-la-idea\/"},"author":{"name":"Andrea","@id":"https:\/\/pizzastick.es\/#\/schema\/person\/c164ec506c453162653fb0ffe1c16cce"},"headline":"Nuestra Campa\u00f1a Aniversario m\u00e1s creativa con Esaeslaidea.com","datePublished":"2024-02-13T13:18:14+00:00","dateModified":"2024-06-05T10:50:08+00:00","mainEntityOfPage":{"@id":"https:\/\/pizzastick.es\/nuestra-campana-aniversario-de-pizza-stick-mas-creativa-con-esa-es-la-idea\/"},"wordCount":622,"commentCount":0,"publisher":{"@id":"https:\/\/pizzastick.es\/#organization"},"image":{"@id":"https:\/\/pizzastick.es\/nuestra-campana-aniversario-de-pizza-stick-mas-creativa-con-esa-es-la-idea\/#primaryimage"},"thumbnailUrl":"https:\/\/pizzastick.es\/wp-content\/uploads\/2024\/02\/Design-Thinking-258-scaled.jpg","articleSection":["Evento","ideas"],"inLanguage":"en-GB","potentialAction":[{"@type":"CommentAction","name":"Comment","target":["https:\/\/pizzastick.es\/nuestra-campana-aniversario-de-pizza-stick-mas-creativa-con-esa-es-la-idea\/#respond"]}]},{"@type":"WebPage","@id":"https:\/\/pizzastick.es\/nuestra-campana-aniversario-de-pizza-stick-mas-creativa-con-esa-es-la-idea\/","url":"https:\/\/pizzastick.es\/nuestra-campana-aniversario-de-pizza-stick-mas-creativa-con-esa-es-la-idea\/","name":"Nuestra Campa\u00f1a Aniversario m\u00e1s creativa con Esaeslaidea.com - Pizza Stick | Pizzas artesanas para los pizza lovers m\u00e1s exigentes","isPartOf":{"@id":"https:\/\/pizzastick.es\/#website"},"primaryImageOfPage":{"@id":"https:\/\/pizzastick.es\/nuestra-campana-aniversario-de-pizza-stick-mas-creativa-con-esa-es-la-idea\/#primaryimage"},"image":{"@id":"https:\/\/pizzastick.es\/nuestra-campana-aniversario-de-pizza-stick-mas-creativa-con-esa-es-la-idea\/#primaryimage"},"thumbnailUrl":"https:\/\/pizzastick.es\/wp-content\/uploads\/2024\/02\/Design-Thinking-258-scaled.jpg","datePublished":"2024-02-13T13:18:14+00:00","dateModified":"2024-06-05T10:50:08+00:00","description":"La Cerdanya, familia pizza lovers! Celebremos juntos nuestro 19\u00ba aniversario en Bellver, Escadarcs y Puigcerd\u00e0. \u00a1Pide y \u00fanete a la fiesta!","breadcrumb":{"@id":"https:\/\/pizzastick.es\/nuestra-campana-aniversario-de-pizza-stick-mas-creativa-con-esa-es-la-idea\/#breadcrumb"},"inLanguage":"en-GB","potentialAction":[{"@type":"ReadAction","target":["https:\/\/pizzastick.es\/nuestra-campana-aniversario-de-pizza-stick-mas-creativa-con-esa-es-la-idea\/"]}]},{"@type":"ImageObject","inLanguage":"en-GB","@id":"https:\/\/pizzastick.es\/nuestra-campana-aniversario-de-pizza-stick-mas-creativa-con-esa-es-la-idea\/#primaryimage","url":"https:\/\/pizzastick.es\/wp-content\/uploads\/2024\/02\/Design-Thinking-258-scaled.jpg","contentUrl":"https:\/\/pizzastick.es\/wp-content\/uploads\/2024\/02\/Design-Thinking-258-scaled.jpg","width":2560,"height":1707,"caption":"pizza stick team"},{"@type":"BreadcrumbList","@id":"https:\/\/pizzastick.es\/nuestra-campana-aniversario-de-pizza-stick-mas-creativa-con-esa-es-la-idea\/#breadcrumb","itemListElement":[{"@type":"ListItem","position":1,"name":"Portada","item":"https:\/\/pizzastick.es\/"},{"@type":"ListItem","position":2,"name":"Nuestra Campa\u00f1a Aniversario m\u00e1s creativa con Esaeslaidea.com"}]},{"@type":"WebSite","@id":"https:\/\/pizzastick.es\/#website","url":"https:\/\/pizzastick.es\/","name":"Pizza Stick | Artisan pizzas for discerning pizza lovers","description":"Artisan pizzas with thin, crispy dough, made 100% to order. Three pizzerias to eat on the premises or at home: Puigcerd\u00e1, Bellver and Escadarcs.","publisher":{"@id":"https:\/\/pizzastick.es\/#organization"},"alternateName":"Pizza Stick","potentialAction":[{"@type":"SearchAction","target":{"@type":"EntryPoint","urlTemplate":"https:\/\/pizzastick.es\/?s={search_term_string}"},"query-input":{"@type":"PropertyValueSpecification","valueRequired":true,"valueName":"search_term_string"}}],"inLanguage":"en-GB"},{"@type":"Organization","@id":"https:\/\/pizzastick.es\/#organization","name":"Pizza Stick","url":"https:\/\/pizzastick.es\/","logo":{"@type":"ImageObject","inLanguage":"en-GB","@id":"https:\/\/pizzastick.es\/#\/schema\/logo\/image\/","url":"https:\/\/pizzastick.es\/wp-content\/uploads\/2024\/02\/PS_LogoRedondaAmarillo.png","contentUrl":"https:\/\/pizzastick.es\/wp-content\/uploads\/2024\/02\/PS_LogoRedondaAmarillo.png","width":329,"height":329,"caption":"Pizza Stick"},"image":{"@id":"https:\/\/pizzastick.es\/#\/schema\/logo\/image\/"},"sameAs":["https:\/\/www.facebook.com\/pizzeriapizzastick","https:\/\/x.com\/pizza_stick_","https:\/\/instagram.com\/pizzeriapizzastick\/"]},{"@type":"Person","@id":"https:\/\/pizzastick.es\/#\/schema\/person\/c164ec506c453162653fb0ffe1c16cce","name":"Andrea","image":{"@type":"ImageObject","inLanguage":"en-GB","@id":"https:\/\/secure.gravatar.com\/avatar\/ce967459384f86ddc3d69942d6e2c92fa06c1ebece9dccf6ef57e404ada6fe0b?s=96&d=mm&r=g","url":"https:\/\/secure.gravatar.com\/avatar\/ce967459384f86ddc3d69942d6e2c92fa06c1ebece9dccf6ef57e404ada6fe0b?s=96&d=mm&r=g","contentUrl":"https:\/\/secure.gravatar.com\/avatar\/ce967459384f86ddc3d69942d6e2c92fa06c1ebece9dccf6ef57e404ada6fe0b?s=96&d=mm&r=g","caption":"Andrea"},"sameAs":["https:\/\/pizzastick.es"]}]}},"_links":{"self":[{"href":"https:\/\/pizzastick.es\/en\/wp-json\/wp\/v2\/posts\/5966","targetHints":{"allow":["GET"]}}],"collection":[{"href":"https:\/\/pizzastick.es\/en\/wp-json\/wp\/v2\/posts"}],"about":[{"href":"https:\/\/pizzastick.es\/en\/wp-json\/wp\/v2\/types\/post"}],"author":[{"embeddable":true,"href":"https:\/\/pizzastick.es\/en\/wp-json\/wp\/v2\/users\/3"}],"replies":[{"embeddable":true,"href":"https:\/\/pizzastick.es\/en\/wp-json\/wp\/v2\/comments?post=5966"}],"version-history":[{"count":14,"href":"https:\/\/pizzastick.es\/en\/wp-json\/wp\/v2\/posts\/5966\/revisions"}],"predecessor-version":[{"id":6370,"href":"https:\/\/pizzastick.es\/en\/wp-json\/wp\/v2\/posts\/5966\/revisions\/6370"}],"wp:featuredmedia":[{"embeddable":true,"href":"https:\/\/pizzastick.es\/en\/wp-json\/wp\/v2\/media\/5984"}],"wp:attachment":[{"href":"https:\/\/pizzastick.es\/en\/wp-json\/wp\/v2\/media?parent=5966"}],"wp:term":[{"taxonomy":"category","embeddable":true,"href":"https:\/\/pizzastick.es\/en\/wp-json\/wp\/v2\/categories?post=5966"},{"taxonomy":"post_tag","embeddable":true,"href":"https:\/\/pizzastick.es\/en\/wp-json\/wp\/v2\/tags?post=5966"}],"curies":[{"name":"wp","href":"https:\/\/api.w.org\/{rel}","templated":true}]}}