{"id":2235,"date":"2020-05-14T12:13:12","date_gmt":"2020-05-14T10:13:12","guid":{"rendered":"https:\/\/pizzastick.es\/?p=2235"},"modified":"2020-05-14T12:53:00","modified_gmt":"2020-05-14T10:53:00","slug":"reapertura-pizzerias-pizza-stick-cerdanya","status":"publish","type":"post","link":"https:\/\/pizzastick.es\/fr\/reapertura-pizzerias-pizza-stick-cerdanya\/","title":{"rendered":"Nous nous adaptons pour rouvrir les pizzerias Pizza Stick \u00e0 La Cerdagne"},"content":{"rendered":"<p>\u00bfEres #PizzaLover sin remedio y est\u00e1s ansios@ por volver a pasar momentos redondos con tu PizzaStick favorita?<\/p>\n<p>Pues ya somos muchos con demasiadas ganas de pizza, \u00a1vamos a ponerle remedio!<\/p>\n<p>Siguiendo todas las medidas preventivas de higiene y seguridad, nuestros servicios de Terraza, Recoger para llevar y entrega a domicilio, van reabriendo de manera parcial y progresiva \u00a1en tu pizzeria de Puigcerd\u00e0, Escadarcs y Bellver de Cerdanya!<\/p>\n<p>Pronto: dejar\u00e1s de so\u00f1ar con pizzas y podr\u00e1s pedirte tu #pizzastick artesanal de masa fina y crujiente.<\/p>\n<div class=\"wpb_text_column wpb_content_element\">\n<div class=\"wpb_wrapper\">\n<p dir=\"ltr\">\n<\/div>\n<\/div>\n<div class=\"vc_empty_space\" style=\"text-align: center;\">\n\n\t\t<style type=\"text\/css\">\n\t\t\t#gallery-1 {\n\t\t\t\tmargin: auto;\n\t\t\t}\n\t\t\t#gallery-1 .gallery-item {\n\t\t\t\tfloat: left;\n\t\t\t\tmargin-top: 10px;\n\t\t\t\ttext-align: center;\n\t\t\t\twidth: 25%;\n\t\t\t}\n\t\t\t#gallery-1 img {\n\t\t\t\tborder: 2px solid #cfcfcf;\n\t\t\t}\n\t\t\t#gallery-1 .gallery-caption {\n\t\t\t\tmargin-left: 0;\n\t\t\t}\n\t\t\t\/* see gallery_shortcode() in wp-includes\/media.php *\/\n\t\t<\/style>\n\t\t<div id='gallery-1' class='gallery galleryid-2235 gallery-columns-4 gallery-size-thumbnail'><dl class='gallery-item'>\n\t\t\t<dt class='gallery-icon landscape'>\n\t\t\t\t<img loading=\"lazy\" decoding=\"async\" width=\"150\" height=\"150\" src=\"https:\/\/pizzastick.es\/wp-content\/uploads\/2020\/05\/DSC02977-150x150.jpg\" class=\"attachment-thumbnail size-thumbnail\" alt=\"\" aria-describedby=\"gallery-1-2259\" srcset=\"https:\/\/pizzastick.es\/wp-content\/uploads\/2020\/05\/DSC02977-150x150.jpg 150w, https:\/\/pizzastick.es\/wp-content\/uploads\/2020\/05\/DSC02977-570x570.jpg 570w, https:\/\/pizzastick.es\/wp-content\/uploads\/2020\/05\/DSC02977-500x500.jpg 500w, https:\/\/pizzastick.es\/wp-content\/uploads\/2020\/05\/DSC02977-1000x1000.jpg 1000w\" sizes=\"auto, (max-width: 150px) 100vw, 150px\" \/>\n\t\t\t<\/dt>\n\t\t\t\t<dd class='wp-caption-text gallery-caption' id='gallery-1-2259'>\n\t\t\t\tPizzeria Pizza Stick Puigcerd\u00e0 Cerdanya\n\t\t\t\t<\/dd><\/dl><dl class='gallery-item'>\n\t\t\t<dt class='gallery-icon landscape'>\n\t\t\t\t<img loading=\"lazy\" decoding=\"async\" width=\"150\" height=\"150\" src=\"https:\/\/pizzastick.es\/wp-content\/uploads\/2020\/05\/Moment-2-PizzaStick-Escadarcs-16-150x150.jpg\" class=\"attachment-thumbnail size-thumbnail\" alt=\"\" aria-describedby=\"gallery-1-2251\" srcset=\"https:\/\/pizzastick.es\/wp-content\/uploads\/2020\/05\/Moment-2-PizzaStick-Escadarcs-16-150x150.jpg 150w, https:\/\/pizzastick.es\/wp-content\/uploads\/2020\/05\/Moment-2-PizzaStick-Escadarcs-16-570x570.jpg 570w, https:\/\/pizzastick.es\/wp-content\/uploads\/2020\/05\/Moment-2-PizzaStick-Escadarcs-16-500x500.jpg 500w, https:\/\/pizzastick.es\/wp-content\/uploads\/2020\/05\/Moment-2-PizzaStick-Escadarcs-16-1000x1000.jpg 1000w\" sizes=\"auto, (max-width: 150px) 100vw, 150px\" \/>\n\t\t\t<\/dt>\n\t\t\t\t<dd class='wp-caption-text gallery-caption' id='gallery-1-2251'>\n\t\t\t\tPizzeria Pizza Stick Escadarcs Cerdanya\n\t\t\t\t<\/dd><\/dl><dl class='gallery-item'>\n\t\t\t<dt class='gallery-icon portrait'>\n\t\t\t\t<img loading=\"lazy\" decoding=\"async\" width=\"150\" height=\"150\" src=\"https:\/\/pizzastick.es\/wp-content\/uploads\/2020\/05\/c1085be5-1f67-4333-a6f5-84cd470a5f8b-150x150.jpg\" class=\"attachment-thumbnail size-thumbnail\" alt=\"\" aria-describedby=\"gallery-1-2263\" srcset=\"https:\/\/pizzastick.es\/wp-content\/uploads\/2020\/05\/c1085be5-1f67-4333-a6f5-84cd470a5f8b-150x150.jpg 150w, https:\/\/pizzastick.es\/wp-content\/uploads\/2020\/05\/c1085be5-1f67-4333-a6f5-84cd470a5f8b-300x300.jpg 300w, https:\/\/pizzastick.es\/wp-content\/uploads\/2020\/05\/c1085be5-1f67-4333-a6f5-84cd470a5f8b-1024x1024.jpg 1024w, https:\/\/pizzastick.es\/wp-content\/uploads\/2020\/05\/c1085be5-1f67-4333-a6f5-84cd470a5f8b-768x769.jpg 768w, https:\/\/pizzastick.es\/wp-content\/uploads\/2020\/05\/c1085be5-1f67-4333-a6f5-84cd470a5f8b-570x570.jpg 570w, https:\/\/pizzastick.es\/wp-content\/uploads\/2020\/05\/c1085be5-1f67-4333-a6f5-84cd470a5f8b-500x500.jpg 500w, https:\/\/pizzastick.es\/wp-content\/uploads\/2020\/05\/c1085be5-1f67-4333-a6f5-84cd470a5f8b-1000x1000.jpg 1000w, https:\/\/pizzastick.es\/wp-content\/uploads\/2020\/05\/c1085be5-1f67-4333-a6f5-84cd470a5f8b-700x701.jpg 700w, https:\/\/pizzastick.es\/wp-content\/uploads\/2020\/05\/c1085be5-1f67-4333-a6f5-84cd470a5f8b.jpg 1070w\" sizes=\"auto, (max-width: 150px) 100vw, 150px\" \/>\n\t\t\t<\/dt>\n\t\t\t\t<dd class='wp-caption-text gallery-caption' id='gallery-1-2263'>\n\t\t\t\tPizzeria Pizza Stick Bellver de Cerdanya\n\t\t\t\t<\/dd><\/dl><dl class='gallery-item'>\n\t\t\t<dt class='gallery-icon landscape'>\n\t\t\t\t<img loading=\"lazy\" decoding=\"async\" width=\"150\" height=\"150\" src=\"https:\/\/pizzastick.es\/wp-content\/uploads\/2020\/05\/IMG_5098-150x150.jpg\" class=\"attachment-thumbnail size-thumbnail\" alt=\"\" aria-describedby=\"gallery-1-2255\" srcset=\"https:\/\/pizzastick.es\/wp-content\/uploads\/2020\/05\/IMG_5098-150x150.jpg 150w, https:\/\/pizzastick.es\/wp-content\/uploads\/2020\/05\/IMG_5098-300x300.jpg 300w, https:\/\/pizzastick.es\/wp-content\/uploads\/2020\/05\/IMG_5098-1024x1024.jpg 1024w, https:\/\/pizzastick.es\/wp-content\/uploads\/2020\/05\/IMG_5098-768x768.jpg 768w, https:\/\/pizzastick.es\/wp-content\/uploads\/2020\/05\/IMG_5098-1536x1536.jpg 1536w, https:\/\/pizzastick.es\/wp-content\/uploads\/2020\/05\/IMG_5098-2048x2048.jpg 2048w, https:\/\/pizzastick.es\/wp-content\/uploads\/2020\/05\/IMG_5098-570x570.jpg 570w, https:\/\/pizzastick.es\/wp-content\/uploads\/2020\/05\/IMG_5098-500x500.jpg 500w, https:\/\/pizzastick.es\/wp-content\/uploads\/2020\/05\/IMG_5098-1000x1000.jpg 1000w, https:\/\/pizzastick.es\/wp-content\/uploads\/2020\/05\/IMG_5098-700x700.jpg 700w\" sizes=\"auto, (max-width: 150px) 100vw, 150px\" \/>\n\t\t\t<\/dt>\n\t\t\t\t<dd class='wp-caption-text gallery-caption' id='gallery-1-2255'>\n\t\t\t\tPizzeria Pizza Stick Cerdanya Servei a Domicili\n\t\t\t\t<\/dd><\/dl><br style=\"clear: both\" \/>\n\t\t<\/div>\n\n<p>\u00b7<\/p>\n<\/div>\n<div class=\"wpb_text_column wpb_content_element\" style=\"text-align: center;\">\n<div class=\"wpb_wrapper\">\n<p style=\"text-align: left;\">En Pizza Stick hemos desarrollado nuestro protocolo para abrir las pizzer\u00edas con garant\u00edas, la hoja de ruta en tiempos de Coronavirus. Gracias a \u00e9l, protegemos el bienestar de todas las personas activas en el d\u00eda a d\u00eda de PIZZA STICK: staff, repartidores, proveedores y clientes.<\/p>\n<p style=\"text-align: left;\">Nuestro protocolo de medidas preventivas de salud e higiene, convierte los locales en lugares preparados para prevenir el contagio por la COVID-19. Consiste en medidas que van desde la desinfecci\u00f3n de las instalaciones de la mano de empresas externas hasta medidas CERO CONTACTO F\u00cdSICO entre personas o protocolos de limpieza.<\/p>\n<h2><b>\u00bfC\u00f3mo nos hemos adaptado a las medidas necesarias para abrir con\u00a0seguridad\u00a0y hacer frente a la situaci\u00f3n que vivimos con el COVID-19?<\/b><\/h2>\n<\/div>\n<\/div>\n<div class=\"wpb_text_column wpb_content_element\">\n<div class=\"wpb_wrapper\">\n<h3><img loading=\"lazy\" decoding=\"async\" class=\"aligncenter wp-image-2294 size-full\" src=\"https:\/\/pizzastick.es\/wp-content\/uploads\/2020\/05\/Captura-de-pantalla-2020-05-14-a-las-12.04.01.png\" alt=\"\" width=\"848\" height=\"714\" srcset=\"https:\/\/pizzastick.es\/wp-content\/uploads\/2020\/05\/Captura-de-pantalla-2020-05-14-a-las-12.04.01.png 848w, https:\/\/pizzastick.es\/wp-content\/uploads\/2020\/05\/Captura-de-pantalla-2020-05-14-a-las-12.04.01-300x253.png 300w, https:\/\/pizzastick.es\/wp-content\/uploads\/2020\/05\/Captura-de-pantalla-2020-05-14-a-las-12.04.01-768x647.png 768w, https:\/\/pizzastick.es\/wp-content\/uploads\/2020\/05\/Captura-de-pantalla-2020-05-14-a-las-12.04.01-700x589.png 700w\" sizes=\"auto, (max-width: 848px) 100vw, 848px\" \/><\/h3>\n<\/div>\n<\/div>\n<div class=\"wpb_text_column wpb_content_element\" style=\"text-align: center;\">\n<h3 style=\"text-align: left;\"><b><img loading=\"lazy\" decoding=\"async\" class=\"aligncenter wp-image-2290 size-full\" src=\"https:\/\/pizzastick.es\/wp-content\/uploads\/2020\/05\/Captura-de-pantalla-2020-05-14-a-las-12.04.20.png\" alt=\"\" width=\"839\" height=\"493\" srcset=\"https:\/\/pizzastick.es\/wp-content\/uploads\/2020\/05\/Captura-de-pantalla-2020-05-14-a-las-12.04.20.png 839w, https:\/\/pizzastick.es\/wp-content\/uploads\/2020\/05\/Captura-de-pantalla-2020-05-14-a-las-12.04.20-300x176.png 300w, https:\/\/pizzastick.es\/wp-content\/uploads\/2020\/05\/Captura-de-pantalla-2020-05-14-a-las-12.04.20-768x451.png 768w, https:\/\/pizzastick.es\/wp-content\/uploads\/2020\/05\/Captura-de-pantalla-2020-05-14-a-las-12.04.20-700x411.png 700w\" sizes=\"auto, (max-width: 839px) 100vw, 839px\" \/><\/b><\/h3>\n<h3><\/h3>\n<h3 style=\"text-align: left;\"><span style=\"font-weight: 400;\">Nuestras medidas preventivas de seguridad e higiene en las pizzer\u00edas son:\u00a0<\/span><\/h3>\n<p>&nbsp;<\/p>\n<ul style=\"text-align: left;\">\n<li style=\"font-weight: 400;\"><span style=\"font-weight: 400;\">Desinfecci\u00f3n de las instalaciones siguiendo el plan de limpieza y desinfecci\u00f3n.<\/span><\/li>\n<li style=\"font-weight: 400;\"><span style=\"font-weight: 400;\">Medidas de contacto 0 entre personas.<\/span><\/li>\n<\/ul>\n<ul style=\"text-align: left;\">\n<li style=\"font-weight: 400;\"><span style=\"font-weight: 400;\">Respetar las l\u00edneas de seguridad 1.5 fuera y dentro lo m\u00e1ximo posible.<\/span><\/li>\n<li style=\"font-weight: 400;\"><span style=\"font-weight: 400;\">Zona de barrera entre equipo y cliente (mamparas de metacrilato).<\/span><\/li>\n<li style=\"font-weight: 400;\"><span style=\"font-weight: 400;\">Desinfecci\u00f3n constante (cada 2 hrs.)\u00a0 de zonas de barrera y \u00e1reas de trabajo + utensilios<\/span><\/li>\n<li style=\"font-weight: 400;\"><span style=\"font-weight: 400;\">Cuidado al empaquetar los pedidos, con guantes y manos limpias &#8211; NO ENTREGAMOS EN MANO &#8211;\u00a0<\/span><\/li>\n<li style=\"font-weight: 400;\"><span style=\"font-weight: 400;\">Depositamos el pedido para servicio a domicilio en las bolsas termicas pre-post desinfecci\u00f3n &#8211; NO ENTREGAMOS EN MANO &#8211;\u00a0\u00a0<\/span><\/li>\n<li style=\"font-weight: 400;\"><span style=\"font-weight: 400;\">Comunicaci\u00f3n y control constante con nuestro equipo para actuar con rapidez ante cualquier s\u00edntoma COVID19.<\/span><\/li>\n<\/ul>\n<h3 style=\"text-align: left;\"><\/h3>\n<h3 style=\"text-align: left;\"><span style=\"font-weight: 400;\">Adem\u00e1s de las medidas generales recomendadas:<\/span><\/h3>\n<p>&nbsp;<\/p>\n<ul style=\"text-align: left;\">\n<li style=\"font-weight: 400;\"><span style=\"font-weight: 400;\">Lavado de manos a fondo y frecuentes.<\/span><\/li>\n<li style=\"font-weight: 400;\"><span style=\"font-weight: 400;\">Uso de mascarillas durante todo el servicio.<\/span><\/li>\n<li style=\"font-weight: 400;\"><span style=\"font-weight: 400;\">Cubrir boca o nariz o con pa\u00f1uelo desechable al toser.<\/span><\/li>\n<li style=\"font-weight: 400;\"><span style=\"font-weight: 400;\">Aislarse en caso de s\u00edntomas.<\/span><\/li>\n<li style=\"font-weight: 400;\"><span style=\"font-weight: 400;\">Recuerda el COVID no se transmite a trav\u00e9s del alimento.\u00a0<\/span><\/li>\n<li style=\"font-weight: 400;\"><span style=\"font-weight: 400;\">Nuestro horno trabaja a m\u00e1s de 300\u00ba de temperatura.<\/span><\/li>\n<\/ul>\n<h3 style=\"text-align: left;\"><\/h3>\n<h3 style=\"text-align: left;\"><span style=\"font-weight: 400;\">Sistema de pedidos para llevar o a domicilio:<\/span><\/h3>\n<p>&nbsp;<\/p>\n<ul style=\"text-align: left;\">\n<li style=\"font-weight: 400;\"><span style=\"font-weight: 400;\">Llama por tel\u00e9fono para pedir tu pedido a recoger en el local o para servicio a domicilio, o reservar tu mesa en terraza.<\/span><\/li>\n<li style=\"font-weight: 400;\"><span style=\"font-weight: 400;\">Tambi\u00e9n pronto podr\u00e1s gestionar tu reserva de mesa online, \u00a1estamos trabajando en ello!<\/span><\/li>\n<li style=\"font-weight: 400;\"><span style=\"font-weight: 400;\">Al local entrar\u00e1n un m\u00e1ximo de\u00a0 una persona por trabajador.<\/span><\/li>\n<li style=\"font-weight: 400;\"><span style=\"font-weight: 400;\">Respeta siempre la distancia de seguridad y zonas de entrega de pedido.<\/span><\/li>\n<li style=\"font-weight: 400;\"><span style=\"font-weight: 400;\">En cada local tendr\u00e1s a disposici\u00f3n de gel hidralorico.<\/span><\/li>\n<\/ul>\n<h3 style=\"text-align: left;\"><\/h3>\n<h3 class=\"wpb_wrapper\" style=\"text-align: left;\"><span style=\"font-weight: 400;\">Medidas espec\u00edficas para el servicio a domicilio en todas las pizzer\u00edas Pizza Stick de la Cerdanya:<\/span><\/h3>\n<p>&nbsp;<\/p>\n<ul style=\"text-align: left;\">\n<li style=\"font-weight: 400;\"><span style=\"font-weight: 400;\">Pedido por tel\u00e9fono.<\/span><\/li>\n<li style=\"font-weight: 400;\"><span style=\"font-weight: 400;\">Pago preferente tarjeta.<\/span><\/li>\n<li style=\"font-weight: 400;\"><span style=\"font-weight: 400;\">El repartidor avisa al cliente\u00a0 de su llegada, y prepara su pedido contacto 0, dejando una caja de pizza vac\u00eda y colocando su pedido sobre la caja + el tpv desinfectado en cada uso listo para usar de nuevo.<\/span><\/li>\n<li style=\"font-weight: 400;\"><span style=\"font-weight: 400;\">Una vez hecho el reparto, se desinfecta TPV, bolsas t\u00e9rmicas y el veh\u00edculo.<\/span><\/li>\n<\/ul>\n<h3 style=\"text-align: left;\"><\/h3>\n<h3 style=\"text-align: left;\"><span style=\"font-weight: 400;\">Medidas espec\u00edficas para la zona terraza de las pizzer\u00edas Pizza Stick de Puigcerd\u00e0 y Escadarcs:<\/span><\/h3>\n<p>&nbsp;<\/p>\n<ul style=\"text-align: left;\">\n<li style=\"font-weight: 400;\"><span style=\"font-weight: 400;\">Pre y post limpieza y desinfecci\u00f3n de mesas, sillas y cartas.<\/span><\/li>\n<li style=\"font-weight: 400;\"><span style=\"font-weight: 400;\">Los cubiertos + enseres limpios, se colocan una vez est\u00e1n los comensales.<\/span><\/li>\n<\/ul>\n<h3 style=\"text-align: left;\"><\/h3>\n<\/div>\n<div class=\"wpb_text_column wpb_content_element\" style=\"text-align: center;\">\n<div class=\"wpb_wrapper\">\n<h3><span style=\"font-size: 16px;\">\u00b7<\/span><\/h3>\n<\/div>\n<\/div>\n<p>&nbsp;<\/p>\n<h3 style=\"text-align: center;\">Contacta con tu pizzer\u00eda Pizza Stick en la Cerdanya para reservar o hacer tu pedido para llevar o aprovecha el servicio a domicilio y \u00a1comparte tu momento redondo!<\/h3>\n<p style=\"text-align: center;\"><strong>PUIGCERD\u00c0<\/strong><br \/>\nRbla. Josep M\u00aa Mart\u00ed, 1<br \/>\n972 88 00 88<\/p>\n<p style=\"text-align: center;\"><strong>BELLVER DE CERDANYA<\/strong><br \/>\nC\/ Francesc Maci\u00e0 20<br \/>\n973 51 03 77<\/p>\n<p style=\"text-align: center;\"><strong>ESCADARCS<\/strong><br \/>\nC\/ Rufaca 6<br \/>\n972 14 44 10<\/p>\n<h3><\/h3>\n<p>&nbsp;<\/p>","protected":false},"excerpt":{"rendered":"<p>\u00bfEres #PizzaLover sin remedio y est\u00e1s ansios@ por volver a pasar momentos redondos con tu PizzaStick favorita? Pues ya somos muchos con demasiadas ganas de pizza, \u00a1vamos a ponerle remedio! Siguiendo todas las medidas preventivas de higiene y seguridad, nuestros servicios de Terraza, Recoger para&#8230;<\/p>","protected":false},"author":3,"featured_media":2280,"comment_status":"open","ping_status":"open","sticky":false,"template":"","format":"standard","meta":{"footnotes":""},"categories":[1],"tags":[],"class_list":["post-2235","post","type-post","status-publish","format-standard","has-post-thumbnail","hentry","category-sin-categorizar"],"yoast_head":"<!-- This site is optimized with the Yoast SEO plugin v27.4 - https:\/\/yoast.com\/product\/yoast-seo-wordpress\/ -->\n<title>Nos adaptamos para abrir de nuevo las pizzer\u00edas Pizza Stick en la Cerdanya - Pizza Stick | Pizzas artesanas para los pizza lovers m\u00e1s exigentes<\/title>\n<meta name=\"description\" content=\"Pizzas artesanales para los pizzalovers m\u00e1s exigentes. Tres pizzer\u00edas en la comarca de la Cerdanya: Puigcerd\u00e0, Escadarcs, y Bellver de Cerdanya.\" \/>\n<meta name=\"robots\" content=\"index, follow, max-snippet:-1, max-image-preview:large, max-video-preview:-1\" \/>\n<link rel=\"canonical\" href=\"https:\/\/pizzastick.es\/fr\/reapertura-pizzerias-pizza-stick-cerdanya\/\" \/>\n<meta property=\"og:locale\" content=\"fr_FR\" \/>\n<meta property=\"og:type\" content=\"article\" \/>\n<meta property=\"og:title\" content=\"Nos adaptamos para abrir de nuevo las pizzer\u00edas Pizza Stick en la Cerdanya - Pizza Stick | Pizzas artesanas para los pizza lovers m\u00e1s exigentes\" \/>\n<meta property=\"og:description\" content=\"Pizzas artesanales para los pizzalovers m\u00e1s exigentes. Tres pizzer\u00edas en la comarca de la Cerdanya: Puigcerd\u00e0, Escadarcs, y Bellver de Cerdanya.\" \/>\n<meta property=\"og:url\" content=\"https:\/\/pizzastick.es\/fr\/reapertura-pizzerias-pizza-stick-cerdanya\/\" \/>\n<meta property=\"og:site_name\" content=\"Pizza Stick | Pizzas artesanas para los pizza lovers m\u00e1s exigentes\" \/>\n<meta property=\"article:publisher\" content=\"https:\/\/www.facebook.com\/pizzeriapizzastick\" \/>\n<meta property=\"article:published_time\" content=\"2020-05-14T10:13:12+00:00\" \/>\n<meta property=\"article:modified_time\" content=\"2020-05-14T10:53:00+00:00\" \/>\n<meta property=\"og:image\" content=\"https:\/\/pizzastick.es\/wp-content\/uploads\/2020\/05\/bellver-de-cerdanya-pizzeria-pizzastick-01.jpg\" \/>\n\t<meta property=\"og:image:width\" content=\"1000\" \/>\n\t<meta property=\"og:image:height\" content=\"647\" \/>\n\t<meta property=\"og:image:type\" content=\"image\/jpeg\" \/>\n<meta name=\"author\" content=\"Andrea\" \/>\n<meta name=\"twitter:card\" content=\"summary_large_image\" \/>\n<meta name=\"twitter:creator\" content=\"@pizza_stick_\" \/>\n<meta name=\"twitter:site\" content=\"@pizza_stick_\" \/>\n<meta name=\"twitter:label1\" content=\"\u00c9crit par\" \/>\n\t<meta name=\"twitter:data1\" content=\"Andrea\" \/>\n\t<meta name=\"twitter:label2\" content=\"Dur\u00e9e de lecture estim\u00e9e\" \/>\n\t<meta name=\"twitter:data2\" content=\"3 minutes\" \/>\n<script type=\"application\/ld+json\" class=\"yoast-schema-graph\">{\"@context\":\"https:\\\/\\\/schema.org\",\"@graph\":[{\"@type\":\"Article\",\"@id\":\"https:\\\/\\\/pizzastick.es\\\/reapertura-pizzerias-pizza-stick-cerdanya\\\/#article\",\"isPartOf\":{\"@id\":\"https:\\\/\\\/pizzastick.es\\\/reapertura-pizzerias-pizza-stick-cerdanya\\\/\"},\"author\":{\"name\":\"Andrea\",\"@id\":\"https:\\\/\\\/pizzastick.es\\\/#\\\/schema\\\/person\\\/c164ec506c453162653fb0ffe1c16cce\"},\"headline\":\"Nos adaptamos para abrir de nuevo las pizzer\u00edas Pizza Stick en la Cerdanya\",\"datePublished\":\"2020-05-14T10:13:12+00:00\",\"dateModified\":\"2020-05-14T10:53:00+00:00\",\"mainEntityOfPage\":{\"@id\":\"https:\\\/\\\/pizzastick.es\\\/reapertura-pizzerias-pizza-stick-cerdanya\\\/\"},\"wordCount\":662,\"commentCount\":0,\"publisher\":{\"@id\":\"https:\\\/\\\/pizzastick.es\\\/#organization\"},\"image\":{\"@id\":\"https:\\\/\\\/pizzastick.es\\\/reapertura-pizzerias-pizza-stick-cerdanya\\\/#primaryimage\"},\"thumbnailUrl\":\"https:\\\/\\\/pizzastick.es\\\/wp-content\\\/uploads\\\/2020\\\/05\\\/bellver-de-cerdanya-pizzeria-pizzastick-01.jpg\",\"articleSection\":[\"Sin categorizar\"],\"inLanguage\":\"fr-FR\",\"potentialAction\":[{\"@type\":\"CommentAction\",\"name\":\"Comment\",\"target\":[\"https:\\\/\\\/pizzastick.es\\\/reapertura-pizzerias-pizza-stick-cerdanya\\\/#respond\"]}]},{\"@type\":\"WebPage\",\"@id\":\"https:\\\/\\\/pizzastick.es\\\/reapertura-pizzerias-pizza-stick-cerdanya\\\/\",\"url\":\"https:\\\/\\\/pizzastick.es\\\/reapertura-pizzerias-pizza-stick-cerdanya\\\/\",\"name\":\"Nos adaptamos para abrir de nuevo las pizzer\u00edas Pizza Stick en la Cerdanya - Pizza Stick | Pizzas artesanas para los pizza lovers m\u00e1s exigentes\",\"isPartOf\":{\"@id\":\"https:\\\/\\\/pizzastick.es\\\/#website\"},\"primaryImageOfPage\":{\"@id\":\"https:\\\/\\\/pizzastick.es\\\/reapertura-pizzerias-pizza-stick-cerdanya\\\/#primaryimage\"},\"image\":{\"@id\":\"https:\\\/\\\/pizzastick.es\\\/reapertura-pizzerias-pizza-stick-cerdanya\\\/#primaryimage\"},\"thumbnailUrl\":\"https:\\\/\\\/pizzastick.es\\\/wp-content\\\/uploads\\\/2020\\\/05\\\/bellver-de-cerdanya-pizzeria-pizzastick-01.jpg\",\"datePublished\":\"2020-05-14T10:13:12+00:00\",\"dateModified\":\"2020-05-14T10:53:00+00:00\",\"description\":\"Pizzas artesanales para los pizzalovers m\u00e1s exigentes. Tres pizzer\u00edas en la comarca de la Cerdanya: Puigcerd\u00e0, Escadarcs, y Bellver de Cerdanya.\",\"breadcrumb\":{\"@id\":\"https:\\\/\\\/pizzastick.es\\\/reapertura-pizzerias-pizza-stick-cerdanya\\\/#breadcrumb\"},\"inLanguage\":\"fr-FR\",\"potentialAction\":[{\"@type\":\"ReadAction\",\"target\":[\"https:\\\/\\\/pizzastick.es\\\/reapertura-pizzerias-pizza-stick-cerdanya\\\/\"]}]},{\"@type\":\"ImageObject\",\"inLanguage\":\"fr-FR\",\"@id\":\"https:\\\/\\\/pizzastick.es\\\/reapertura-pizzerias-pizza-stick-cerdanya\\\/#primaryimage\",\"url\":\"https:\\\/\\\/pizzastick.es\\\/wp-content\\\/uploads\\\/2020\\\/05\\\/bellver-de-cerdanya-pizzeria-pizzastick-01.jpg\",\"contentUrl\":\"https:\\\/\\\/pizzastick.es\\\/wp-content\\\/uploads\\\/2020\\\/05\\\/bellver-de-cerdanya-pizzeria-pizzastick-01.jpg\",\"width\":1000,\"height\":647},{\"@type\":\"BreadcrumbList\",\"@id\":\"https:\\\/\\\/pizzastick.es\\\/reapertura-pizzerias-pizza-stick-cerdanya\\\/#breadcrumb\",\"itemListElement\":[{\"@type\":\"ListItem\",\"position\":1,\"name\":\"Portada\",\"item\":\"https:\\\/\\\/pizzastick.es\\\/\"},{\"@type\":\"ListItem\",\"position\":2,\"name\":\"Nos adaptamos para abrir de nuevo las pizzer\u00edas Pizza Stick en la Cerdanya\"}]},{\"@type\":\"WebSite\",\"@id\":\"https:\\\/\\\/pizzastick.es\\\/#website\",\"url\":\"https:\\\/\\\/pizzastick.es\\\/\",\"name\":\"Pizza Stick | Pizzas artesanas para los pizza lovers m\u00e1s exigentes\",\"description\":\"Pizzas artesanales de masa fina y crujientes, hechas 100% al momento. Tres pizzer\u00edas para comer en el local o a domicilio: Puigcerd\u00e1, Bellver y Escadarcs.\",\"publisher\":{\"@id\":\"https:\\\/\\\/pizzastick.es\\\/#organization\"},\"alternateName\":\"Pizza Stick\",\"potentialAction\":[{\"@type\":\"SearchAction\",\"target\":{\"@type\":\"EntryPoint\",\"urlTemplate\":\"https:\\\/\\\/pizzastick.es\\\/?s={search_term_string}\"},\"query-input\":{\"@type\":\"PropertyValueSpecification\",\"valueRequired\":true,\"valueName\":\"search_term_string\"}}],\"inLanguage\":\"fr-FR\"},{\"@type\":\"Organization\",\"@id\":\"https:\\\/\\\/pizzastick.es\\\/#organization\",\"name\":\"Pizza Stick\",\"url\":\"https:\\\/\\\/pizzastick.es\\\/\",\"logo\":{\"@type\":\"ImageObject\",\"inLanguage\":\"fr-FR\",\"@id\":\"https:\\\/\\\/pizzastick.es\\\/#\\\/schema\\\/logo\\\/image\\\/\",\"url\":\"https:\\\/\\\/pizzastick.es\\\/wp-content\\\/uploads\\\/2024\\\/02\\\/PS_LogoRedondaAmarillo.png\",\"contentUrl\":\"https:\\\/\\\/pizzastick.es\\\/wp-content\\\/uploads\\\/2024\\\/02\\\/PS_LogoRedondaAmarillo.png\",\"width\":329,\"height\":329,\"caption\":\"Pizza Stick\"},\"image\":{\"@id\":\"https:\\\/\\\/pizzastick.es\\\/#\\\/schema\\\/logo\\\/image\\\/\"},\"sameAs\":[\"https:\\\/\\\/www.facebook.com\\\/pizzeriapizzastick\",\"https:\\\/\\\/x.com\\\/pizza_stick_\",\"https:\\\/\\\/instagram.com\\\/pizzeriapizzastick\\\/\"]},{\"@type\":\"Person\",\"@id\":\"https:\\\/\\\/pizzastick.es\\\/#\\\/schema\\\/person\\\/c164ec506c453162653fb0ffe1c16cce\",\"name\":\"Andrea\",\"image\":{\"@type\":\"ImageObject\",\"inLanguage\":\"fr-FR\",\"@id\":\"https:\\\/\\\/secure.gravatar.com\\\/avatar\\\/ce967459384f86ddc3d69942d6e2c92fa06c1ebece9dccf6ef57e404ada6fe0b?s=96&d=mm&r=g\",\"url\":\"https:\\\/\\\/secure.gravatar.com\\\/avatar\\\/ce967459384f86ddc3d69942d6e2c92fa06c1ebece9dccf6ef57e404ada6fe0b?s=96&d=mm&r=g\",\"contentUrl\":\"https:\\\/\\\/secure.gravatar.com\\\/avatar\\\/ce967459384f86ddc3d69942d6e2c92fa06c1ebece9dccf6ef57e404ada6fe0b?s=96&d=mm&r=g\",\"caption\":\"Andrea\"},\"sameAs\":[\"https:\\\/\\\/pizzastick.es\"]}]}<\/script>\n<!-- \/ Yoast SEO plugin. -->","yoast_head_json":{"title":"Nos adaptamos para abrir de nuevo las pizzer\u00edas Pizza Stick en la Cerdanya - Pizza Stick | Pizzas artesanas para los pizza lovers m\u00e1s exigentes","description":"Pizzas artesanales para los pizzalovers m\u00e1s exigentes. Tres pizzer\u00edas en la comarca de la Cerdanya: Puigcerd\u00e0, Escadarcs, y Bellver de Cerdanya.","robots":{"index":"index","follow":"follow","max-snippet":"max-snippet:-1","max-image-preview":"max-image-preview:large","max-video-preview":"max-video-preview:-1"},"canonical":"https:\/\/pizzastick.es\/fr\/reapertura-pizzerias-pizza-stick-cerdanya\/","og_locale":"fr_FR","og_type":"article","og_title":"Nos adaptamos para abrir de nuevo las pizzer\u00edas Pizza Stick en la Cerdanya - Pizza Stick | Pizzas artesanas para los pizza lovers m\u00e1s exigentes","og_description":"Pizzas artesanales para los pizzalovers m\u00e1s exigentes. Tres pizzer\u00edas en la comarca de la Cerdanya: Puigcerd\u00e0, Escadarcs, y Bellver de Cerdanya.","og_url":"https:\/\/pizzastick.es\/fr\/reapertura-pizzerias-pizza-stick-cerdanya\/","og_site_name":"Pizza Stick | Pizzas artesanas para los pizza lovers m\u00e1s exigentes","article_publisher":"https:\/\/www.facebook.com\/pizzeriapizzastick","article_published_time":"2020-05-14T10:13:12+00:00","article_modified_time":"2020-05-14T10:53:00+00:00","og_image":[{"width":1000,"height":647,"url":"https:\/\/pizzastick.es\/wp-content\/uploads\/2020\/05\/bellver-de-cerdanya-pizzeria-pizzastick-01.jpg","type":"image\/jpeg"}],"author":"Andrea","twitter_card":"summary_large_image","twitter_creator":"@pizza_stick_","twitter_site":"@pizza_stick_","twitter_misc":{"\u00c9crit par":"Andrea","Dur\u00e9e de lecture estim\u00e9e":"3 minutes"},"schema":{"@context":"https:\/\/schema.org","@graph":[{"@type":"Article","@id":"https:\/\/pizzastick.es\/reapertura-pizzerias-pizza-stick-cerdanya\/#article","isPartOf":{"@id":"https:\/\/pizzastick.es\/reapertura-pizzerias-pizza-stick-cerdanya\/"},"author":{"name":"Andrea","@id":"https:\/\/pizzastick.es\/#\/schema\/person\/c164ec506c453162653fb0ffe1c16cce"},"headline":"Nos adaptamos para abrir de nuevo las pizzer\u00edas Pizza Stick en la Cerdanya","datePublished":"2020-05-14T10:13:12+00:00","dateModified":"2020-05-14T10:53:00+00:00","mainEntityOfPage":{"@id":"https:\/\/pizzastick.es\/reapertura-pizzerias-pizza-stick-cerdanya\/"},"wordCount":662,"commentCount":0,"publisher":{"@id":"https:\/\/pizzastick.es\/#organization"},"image":{"@id":"https:\/\/pizzastick.es\/reapertura-pizzerias-pizza-stick-cerdanya\/#primaryimage"},"thumbnailUrl":"https:\/\/pizzastick.es\/wp-content\/uploads\/2020\/05\/bellver-de-cerdanya-pizzeria-pizzastick-01.jpg","articleSection":["Sin categorizar"],"inLanguage":"fr-FR","potentialAction":[{"@type":"CommentAction","name":"Comment","target":["https:\/\/pizzastick.es\/reapertura-pizzerias-pizza-stick-cerdanya\/#respond"]}]},{"@type":"WebPage","@id":"https:\/\/pizzastick.es\/reapertura-pizzerias-pizza-stick-cerdanya\/","url":"https:\/\/pizzastick.es\/reapertura-pizzerias-pizza-stick-cerdanya\/","name":"Nos adaptamos para abrir de nuevo las pizzer\u00edas Pizza Stick en la Cerdanya - Pizza Stick | Pizzas artesanas para los pizza lovers m\u00e1s exigentes","isPartOf":{"@id":"https:\/\/pizzastick.es\/#website"},"primaryImageOfPage":{"@id":"https:\/\/pizzastick.es\/reapertura-pizzerias-pizza-stick-cerdanya\/#primaryimage"},"image":{"@id":"https:\/\/pizzastick.es\/reapertura-pizzerias-pizza-stick-cerdanya\/#primaryimage"},"thumbnailUrl":"https:\/\/pizzastick.es\/wp-content\/uploads\/2020\/05\/bellver-de-cerdanya-pizzeria-pizzastick-01.jpg","datePublished":"2020-05-14T10:13:12+00:00","dateModified":"2020-05-14T10:53:00+00:00","description":"Pizzas artesanales para los pizzalovers m\u00e1s exigentes. Tres pizzer\u00edas en la comarca de la Cerdanya: Puigcerd\u00e0, Escadarcs, y Bellver de Cerdanya.","breadcrumb":{"@id":"https:\/\/pizzastick.es\/reapertura-pizzerias-pizza-stick-cerdanya\/#breadcrumb"},"inLanguage":"fr-FR","potentialAction":[{"@type":"ReadAction","target":["https:\/\/pizzastick.es\/reapertura-pizzerias-pizza-stick-cerdanya\/"]}]},{"@type":"ImageObject","inLanguage":"fr-FR","@id":"https:\/\/pizzastick.es\/reapertura-pizzerias-pizza-stick-cerdanya\/#primaryimage","url":"https:\/\/pizzastick.es\/wp-content\/uploads\/2020\/05\/bellver-de-cerdanya-pizzeria-pizzastick-01.jpg","contentUrl":"https:\/\/pizzastick.es\/wp-content\/uploads\/2020\/05\/bellver-de-cerdanya-pizzeria-pizzastick-01.jpg","width":1000,"height":647},{"@type":"BreadcrumbList","@id":"https:\/\/pizzastick.es\/reapertura-pizzerias-pizza-stick-cerdanya\/#breadcrumb","itemListElement":[{"@type":"ListItem","position":1,"name":"Portada","item":"https:\/\/pizzastick.es\/"},{"@type":"ListItem","position":2,"name":"Nos adaptamos para abrir de nuevo las pizzer\u00edas Pizza Stick en la Cerdanya"}]},{"@type":"WebSite","@id":"https:\/\/pizzastick.es\/#website","url":"https:\/\/pizzastick.es\/","name":"Pizza Stick | Pizzas artesanas para los pizza lovers m\u00e1s exigentes","description":"Pizzas artisanales \u00e0 la p\u00e2te fine et croustillante, pr\u00e9par\u00e9es \u00e0 la commande 100%. Trois pizzerias \u00e0 consommer sur place ou \u00e0 domicile : Puigcerd\u00e1, Bellver et Escadarcs.","publisher":{"@id":"https:\/\/pizzastick.es\/#organization"},"alternateName":"Pizza Stick","potentialAction":[{"@type":"SearchAction","target":{"@type":"EntryPoint","urlTemplate":"https:\/\/pizzastick.es\/?s={search_term_string}"},"query-input":{"@type":"PropertyValueSpecification","valueRequired":true,"valueName":"search_term_string"}}],"inLanguage":"fr-FR"},{"@type":"Organization","@id":"https:\/\/pizzastick.es\/#organization","name":"B\u00e2ton \u00e0 pizza","url":"https:\/\/pizzastick.es\/","logo":{"@type":"ImageObject","inLanguage":"fr-FR","@id":"https:\/\/pizzastick.es\/#\/schema\/logo\/image\/","url":"https:\/\/pizzastick.es\/wp-content\/uploads\/2024\/02\/PS_LogoRedondaAmarillo.png","contentUrl":"https:\/\/pizzastick.es\/wp-content\/uploads\/2024\/02\/PS_LogoRedondaAmarillo.png","width":329,"height":329,"caption":"Pizza Stick"},"image":{"@id":"https:\/\/pizzastick.es\/#\/schema\/logo\/image\/"},"sameAs":["https:\/\/www.facebook.com\/pizzeriapizzastick","https:\/\/x.com\/pizza_stick_","https:\/\/instagram.com\/pizzeriapizzastick\/"]},{"@type":"Person","@id":"https:\/\/pizzastick.es\/#\/schema\/person\/c164ec506c453162653fb0ffe1c16cce","name":"Andrea","image":{"@type":"ImageObject","inLanguage":"fr-FR","@id":"https:\/\/secure.gravatar.com\/avatar\/ce967459384f86ddc3d69942d6e2c92fa06c1ebece9dccf6ef57e404ada6fe0b?s=96&d=mm&r=g","url":"https:\/\/secure.gravatar.com\/avatar\/ce967459384f86ddc3d69942d6e2c92fa06c1ebece9dccf6ef57e404ada6fe0b?s=96&d=mm&r=g","contentUrl":"https:\/\/secure.gravatar.com\/avatar\/ce967459384f86ddc3d69942d6e2c92fa06c1ebece9dccf6ef57e404ada6fe0b?s=96&d=mm&r=g","caption":"Andrea"},"sameAs":["https:\/\/pizzastick.es"]}]}},"_links":{"self":[{"href":"https:\/\/pizzastick.es\/fr\/wp-json\/wp\/v2\/posts\/2235","targetHints":{"allow":["GET"]}}],"collection":[{"href":"https:\/\/pizzastick.es\/fr\/wp-json\/wp\/v2\/posts"}],"about":[{"href":"https:\/\/pizzastick.es\/fr\/wp-json\/wp\/v2\/types\/post"}],"author":[{"embeddable":true,"href":"https:\/\/pizzastick.es\/fr\/wp-json\/wp\/v2\/users\/3"}],"replies":[{"embeddable":true,"href":"https:\/\/pizzastick.es\/fr\/wp-json\/wp\/v2\/comments?post=2235"}],"version-history":[{"count":10,"href":"https:\/\/pizzastick.es\/fr\/wp-json\/wp\/v2\/posts\/2235\/revisions"}],"predecessor-version":[{"id":2342,"href":"https:\/\/pizzastick.es\/fr\/wp-json\/wp\/v2\/posts\/2235\/revisions\/2342"}],"wp:featuredmedia":[{"embeddable":true,"href":"https:\/\/pizzastick.es\/fr\/wp-json\/wp\/v2\/media\/2280"}],"wp:attachment":[{"href":"https:\/\/pizzastick.es\/fr\/wp-json\/wp\/v2\/media?parent=2235"}],"wp:term":[{"taxonomy":"category","embeddable":true,"href":"https:\/\/pizzastick.es\/fr\/wp-json\/wp\/v2\/categories?post=2235"},{"taxonomy":"post_tag","embeddable":true,"href":"https:\/\/pizzastick.es\/fr\/wp-json\/wp\/v2\/tags?post=2235"}],"curies":[{"name":"wp","href":"https:\/\/api.w.org\/{rel}","templated":true}]}}