{"id":2696,"date":"2020-04-01T14:20:58","date_gmt":"2020-04-01T12:20:58","guid":{"rendered":"https:\/\/pizzastick.es\/compartimos-contigo-como-hacer-tu-pizza-casera-y-pasar-un-dia-redondo-con-los-tuyos\/"},"modified":"2020-09-09T21:28:35","modified_gmt":"2020-09-09T19:28:35","slug":"com-fer-pizza-casolana-i-passar-un-dia-rodo","status":"publish","type":"post","link":"https:\/\/pizzastick.es\/fr\/com-fer-pizza-casolana-i-passar-un-dia-rodo\/","title":{"rendered":"Compartim amb tu com fer la teva pizza casolana i passar un dia rod\u00f3 amb els teus"},"content":{"rendered":"<table class=\"mcnTextBlock\" border=\"0\" width=\"100%\" cellspacing=\"0\" cellpadding=\"0\">\n<tbody class=\"mcnTextBlockOuter\">\n<tr>\n<td class=\"mcnTextBlockInner\" valign=\"top\">\n<table class=\"mcnTextContentContainer\" border=\"0\" width=\"100%\" cellspacing=\"0\" cellpadding=\"0\" align=\"left\">\n<tbody>\n<tr>\n<td class=\"mcnTextContent\" valign=\"top\">\n<h1><em><a href=\"https:\/\/youtu.be\/ul85Q2NYels\">(ENLLA\u00c7 V\u00cdDEO AQU\u00cd )<\/a><\/em><\/h1>\n<p>&nbsp;<\/p>\n<h2>Estem amb tu.<\/h2>\n<p>&nbsp;<\/p>\n<ul>\n<li style=\"text-align: left;\">En aquests moments dif\u00edcils pel confinament, tamb\u00e9 volem estar amb tu.<\/li>\n<li style=\"text-align: left;\">Sabem fer pizzes i avui volem mostrar-te a trav\u00e9s d&#8217;un taller casol\u00e0: com pots cuinar la teva pizza a casa.<\/li>\n<li style=\"text-align: left;\">Volem compartir amb tu i amb els teus un moment rod\u00f3 al m\u00e9s pur Pizza Stick.<\/li>\n<\/ul>\n<p>&nbsp;<\/td>\n<\/tr>\n<\/tbody>\n<\/table>\n<\/td>\n<\/tr>\n<\/tbody>\n<\/table>\n<table class=\"mcnImageCardBlock\" border=\"0\" width=\"100%\" cellspacing=\"0\" cellpadding=\"0\">\n<tbody class=\"mcnImageCardBlockOuter\">\n<tr>\n<td class=\"mcnImageCardBlockInner\" valign=\"top\">\n<table class=\"mcnImageCardBottomContent\" border=\"0\" width=\"100%\" cellspacing=\"0\" cellpadding=\"0\" align=\"left\">\n<tbody>\n<tr>\n<td class=\"mcnImageCardBottomImageContent\" align=\"left\" valign=\"top\"><a class=\"\" title=\"Cocina tu Pizza Stick en Casa\" href=\"https:\/\/youtu.be\/ul85Q2NYels\" target=\"_blank\" rel=\"noopener noreferrer\"><img decoding=\"async\" class=\"mcnImage\" src=\"https:\/\/mcusercontent.com\/7efd0433c2f8eeb52c1da467f\/video_thumbnails_new\/3642706d81b776f189adc7dd94968160.png\" alt=\"\" width=\"564\" \/><\/a><\/td>\n<\/tr>\n<tr>\n<td class=\"mcnTextContent\" valign=\"top\" width=\"546\">\n<div><\/div>\n<h2 style=\"text-align: left;\"><strong>INGREDIENTS:<\/strong><\/h2>\n<p style=\"text-align: left;\">1 kg de farina<\/p>\n<p style=\"text-align: left;\">Una culleradeta de sal<\/p>\n<p style=\"text-align: left;\">45 \/ 50 grams de llevat fresc<\/p>\n<p style=\"text-align: left;\">1\/2 litre d&#8217;aigua t\u00e8bia<\/p>\n<div><\/div>\n<h2 style=\"text-align: left;\"><strong>RECEPTA:<\/strong><\/h2>\n<ul>\n<li style=\"text-align: left;\">Amassar fins a formar una massa homog\u00e8nia.<\/li>\n<li style=\"text-align: left;\">Formar una bola i deixar descansar a la mesada.<\/li>\n<li style=\"text-align: left;\">Col\u00b7locar farina per sota i tapar amb un drap de cuina i que no entri aire per ningun forat.<\/li>\n<li style=\"text-align: left;\">Deixar reposar 30 minuts.<\/li>\n<li style=\"text-align: left;\">Preescalfa el forn a 180\u00ba<\/li>\n<li style=\"text-align: left;\">Un cop ha pujat, fer diferents pastes segons el teu motlle.<\/li>\n<li style=\"text-align: left;\">Escampa la massa amb els dits amb moviments suaus per estirar-la (pr\u00e8viament has d&#8217;oliar els motlles).<\/li>\n<li style=\"text-align: left;\">Col\u00b7loca tom\u00e0quet o la base que tu vulguis i porta-la a forn 10 minuts.<\/li>\n<li style=\"text-align: left;\">Un cop fora, posa tota la teva creativitat i utilitza els ingredients de la teva nevera.<\/li>\n<li style=\"text-align: left;\">Finalment posa-de nou al forn fins que el formatge s&#8217;enrosseixi i verifica que la base queda cuita &#8216;i llista per gaudir!<\/li>\n<\/ul>\n<div><\/div>\n<div style=\"text-align: left;\"><em><strong>\u00a0 \u00c0nims!<\/strong><\/em><\/div>\n<div><\/div>\n<\/td>\n<\/tr>\n<\/tbody>\n<\/table>\n<\/td>\n<\/tr>\n<\/tbody>\n<\/table>\n<table class=\"mcnDividerBlock\" border=\"0\" width=\"100%\" cellspacing=\"0\" cellpadding=\"0\">\n<tbody class=\"mcnDividerBlockOuter\">\n<tr>\n<td class=\"mcnDividerBlockInner\">\n<table class=\"mcnDividerContent\" border=\"0\" width=\"100%\" cellspacing=\"0\" cellpadding=\"0\">\n<tbody>\n<tr>\n<td><\/td>\n<\/tr>\n<\/tbody>\n<\/table>\n<\/td>\n<\/tr>\n<\/tbody>\n<\/table>\n<table class=\"mcnTextBlock\" border=\"0\" width=\"100%\" cellspacing=\"0\" cellpadding=\"0\">\n<tbody class=\"mcnTextBlockOuter\">\n<tr>\n<td class=\"mcnTextBlockInner\" valign=\"top\">\n<table class=\"mcnTextContentContainer\" border=\"0\" width=\"100%\" cellspacing=\"0\" cellpadding=\"0\" align=\"left\">\n<tbody>\n<tr>\n<td class=\"mcnTextContent\" valign=\"top\">\n<p style=\"text-align: left;\">Aqu\u00ed estem en Nahuel i jo <a href=\"https:\/\/pizzastick.es\/fr\/conocenos\/\">(Andrea Di Bella) <\/a>compartint amb tu com fer la teva pizza casolana i passar un dia rod\u00f3 amb els teus cuinant entre xerrades i somriures al voltant d&#8217;una pizza com f\u00e8iem a casa meva amb el meu avi.<\/p>\n<p>Un v\u00eddeo sincer i transparent des de la cuina de casa amb la nostra \u00fanica intenci\u00f3 de compartir una recepta i passar una estoneta junts.<\/p>\n<p>No som experts en fer v\u00eddeos de cuina, per\u00f2 l&#8217;important \u00e9s la intenci\u00f3 i que volem acompanyar-te encara que sigui una estoneta per alleujar el que estem vivint.<\/p>\n<p>T&#8217;apuntes a cuinar la teva Pizza Stick?<\/td>\n<\/tr>\n<\/tbody>\n<\/table>\n<\/td>\n<\/tr>\n<\/tbody>\n<\/table>\n<table class=\"mcnDividerBlock\" border=\"0\" width=\"100%\" cellspacing=\"0\" cellpadding=\"0\">\n<tbody class=\"mcnDividerBlockOuter\">\n<tr>\n<td class=\"mcnDividerBlockInner\">\n<table class=\"mcnDividerContent\" border=\"0\" width=\"100%\" cellspacing=\"0\" cellpadding=\"0\">\n<tbody>\n<tr>\n<td>\n<table class=\"mcnTextBlock\" border=\"0\" width=\"100%\" cellspacing=\"0\" cellpadding=\"0\">\n<tbody class=\"mcnTextBlockOuter\">\n<tr>\n<td class=\"mcnTextBlockInner\" valign=\"top\">\n<table class=\"mcnTextContentContainer\" border=\"0\" width=\"100%\" cellspacing=\"0\" cellpadding=\"0\" align=\"left\">\n<tbody>\n<tr>\n<td class=\"mcnTextContent\" valign=\"top\"><\/td>\n<\/tr>\n<\/tbody>\n<\/table>\n<\/td>\n<\/tr>\n<\/tbody>\n<\/table>\n<\/td>\n<\/tr>\n<\/tbody>\n<\/table>\n<\/td>\n<\/tr>\n<\/tbody>\n<\/table>\n<table class=\"mcnImageBlock\" border=\"0\" width=\"100%\" cellspacing=\"0\" cellpadding=\"0\">\n<tbody class=\"mcnImageBlockOuter\">\n<tr>\n<td class=\"mcnImageBlockInner\" valign=\"top\"><\/td>\n<\/tr>\n<\/tbody>\n<\/table>\n<table class=\"mcnTextBlock\" border=\"0\" width=\"100%\" cellspacing=\"0\" cellpadding=\"0\">\n<tbody class=\"mcnTextBlockOuter\">\n<tr>\n<td class=\"mcnTextBlockInner\" valign=\"top\"><\/td>\n<\/tr>\n<\/tbody>\n<\/table>","protected":false},"excerpt":{"rendered":"<p>(ENLLA\u00c7 V\u00cdDEO AQU\u00cd ) &nbsp; Estem amb tu. &nbsp; En aquests moments dif\u00edcils pel confinament, tamb\u00e9 volem estar amb tu. Sabem fer pizzes i avui volem mostrar-te a trav\u00e9s d&#8217;un taller casol\u00e0: com pots cuinar la teva pizza a casa. Volem compartir amb tu i&#8230;<\/p>","protected":false},"author":3,"featured_media":2143,"comment_status":"open","ping_status":"open","sticky":false,"template":"","format":"standard","meta":{"footnotes":""},"categories":[18],"tags":[],"class_list":["post-2696","post","type-post","status-publish","format-standard","has-post-thumbnail","hentry","category-sense-categoria"],"yoast_head":"<!-- This site is optimized with the Yoast SEO plugin v27.4 - https:\/\/yoast.com\/product\/yoast-seo-wordpress\/ -->\n<title>Compartim amb tu com fer la teva pizza casolana i passar un dia rod\u00f3 amb els teus - Pizza Stick | Pizzas artesanas para los pizza lovers m\u00e1s exigentes<\/title>\n<meta name=\"description\" content=\"Pizzas artesanales para los pizzalovers m\u00e1s exigentes. Tres pizzer\u00edas en la comarca de la Cerdanya: Puigcerd\u00e0, Escadarcs, y Bellver de Cerdanya.\" \/>\n<meta name=\"robots\" content=\"index, follow, max-snippet:-1, max-image-preview:large, max-video-preview:-1\" \/>\n<link rel=\"canonical\" href=\"https:\/\/pizzastick.es\/fr\/com-fer-pizza-casolana-i-passar-un-dia-rodo\/\" \/>\n<meta property=\"og:locale\" content=\"fr_FR\" \/>\n<meta property=\"og:type\" content=\"article\" \/>\n<meta property=\"og:title\" content=\"Compartim amb tu com fer la teva pizza casolana i passar un dia rod\u00f3 amb els teus - Pizza Stick | Pizzas artesanas para los pizza lovers m\u00e1s exigentes\" \/>\n<meta property=\"og:description\" content=\"Pizzas artesanales para los pizzalovers m\u00e1s exigentes. Tres pizzer\u00edas en la comarca de la Cerdanya: Puigcerd\u00e0, Escadarcs, y Bellver de Cerdanya.\" \/>\n<meta property=\"og:url\" content=\"https:\/\/pizzastick.es\/fr\/com-fer-pizza-casolana-i-passar-un-dia-rodo\/\" \/>\n<meta property=\"og:site_name\" content=\"Pizza Stick | Pizzas artesanas para los pizza lovers m\u00e1s exigentes\" \/>\n<meta property=\"article:publisher\" content=\"https:\/\/www.facebook.com\/pizzeriapizzastick\" \/>\n<meta property=\"article:published_time\" content=\"2020-04-01T12:20:58+00:00\" \/>\n<meta property=\"article:modified_time\" content=\"2020-09-09T19:28:35+00:00\" \/>\n<meta property=\"og:image\" content=\"https:\/\/pizzastick.es\/wp-content\/uploads\/2020\/04\/videostick-pizza-en-casa-cocinar.png\" \/>\n\t<meta property=\"og:image:width\" content=\"915\" \/>\n\t<meta property=\"og:image:height\" content=\"515\" \/>\n\t<meta property=\"og:image:type\" content=\"image\/png\" \/>\n<meta name=\"author\" content=\"Andrea\" \/>\n<meta name=\"twitter:card\" content=\"summary_large_image\" \/>\n<meta name=\"twitter:creator\" content=\"@pizza_stick_\" \/>\n<meta name=\"twitter:site\" content=\"@pizza_stick_\" \/>\n<meta name=\"twitter:label1\" content=\"\u00c9crit par\" \/>\n\t<meta name=\"twitter:data1\" content=\"Andrea\" \/>\n\t<meta name=\"twitter:label2\" content=\"Dur\u00e9e de lecture estim\u00e9e\" \/>\n\t<meta name=\"twitter:data2\" content=\"2 minutes\" \/>\n<script type=\"application\/ld+json\" class=\"yoast-schema-graph\">{\"@context\":\"https:\\\/\\\/schema.org\",\"@graph\":[{\"@type\":\"Article\",\"@id\":\"https:\\\/\\\/pizzastick.es\\\/ca\\\/com-fer-pizza-casolana-i-passar-un-dia-rodo\\\/#article\",\"isPartOf\":{\"@id\":\"https:\\\/\\\/pizzastick.es\\\/ca\\\/com-fer-pizza-casolana-i-passar-un-dia-rodo\\\/\"},\"author\":{\"name\":\"Andrea\",\"@id\":\"https:\\\/\\\/pizzastick.es\\\/#\\\/schema\\\/person\\\/c164ec506c453162653fb0ffe1c16cce\"},\"headline\":\"Compartim amb tu com fer la teva pizza casolana i passar un dia rod\u00f3 amb els teus\",\"datePublished\":\"2020-04-01T12:20:58+00:00\",\"dateModified\":\"2020-09-09T19:28:35+00:00\",\"mainEntityOfPage\":{\"@id\":\"https:\\\/\\\/pizzastick.es\\\/ca\\\/com-fer-pizza-casolana-i-passar-un-dia-rodo\\\/\"},\"wordCount\":333,\"commentCount\":0,\"publisher\":{\"@id\":\"https:\\\/\\\/pizzastick.es\\\/#organization\"},\"image\":{\"@id\":\"https:\\\/\\\/pizzastick.es\\\/ca\\\/com-fer-pizza-casolana-i-passar-un-dia-rodo\\\/#primaryimage\"},\"thumbnailUrl\":\"https:\\\/\\\/pizzastick.es\\\/wp-content\\\/uploads\\\/2020\\\/04\\\/videostick-pizza-en-casa-cocinar.png\",\"articleSection\":[\"Sense categoria\"],\"inLanguage\":\"fr-FR\",\"potentialAction\":[{\"@type\":\"CommentAction\",\"name\":\"Comment\",\"target\":[\"https:\\\/\\\/pizzastick.es\\\/ca\\\/com-fer-pizza-casolana-i-passar-un-dia-rodo\\\/#respond\"]}]},{\"@type\":\"WebPage\",\"@id\":\"https:\\\/\\\/pizzastick.es\\\/ca\\\/com-fer-pizza-casolana-i-passar-un-dia-rodo\\\/\",\"url\":\"https:\\\/\\\/pizzastick.es\\\/ca\\\/com-fer-pizza-casolana-i-passar-un-dia-rodo\\\/\",\"name\":\"Compartim amb tu com fer la teva pizza casolana i passar un dia rod\u00f3 amb els teus - Pizza Stick | Pizzas artesanas para los pizza lovers m\u00e1s exigentes\",\"isPartOf\":{\"@id\":\"https:\\\/\\\/pizzastick.es\\\/#website\"},\"primaryImageOfPage\":{\"@id\":\"https:\\\/\\\/pizzastick.es\\\/ca\\\/com-fer-pizza-casolana-i-passar-un-dia-rodo\\\/#primaryimage\"},\"image\":{\"@id\":\"https:\\\/\\\/pizzastick.es\\\/ca\\\/com-fer-pizza-casolana-i-passar-un-dia-rodo\\\/#primaryimage\"},\"thumbnailUrl\":\"https:\\\/\\\/pizzastick.es\\\/wp-content\\\/uploads\\\/2020\\\/04\\\/videostick-pizza-en-casa-cocinar.png\",\"datePublished\":\"2020-04-01T12:20:58+00:00\",\"dateModified\":\"2020-09-09T19:28:35+00:00\",\"description\":\"Pizzas artesanales para los pizzalovers m\u00e1s exigentes. Tres pizzer\u00edas en la comarca de la Cerdanya: Puigcerd\u00e0, Escadarcs, y Bellver de Cerdanya.\",\"breadcrumb\":{\"@id\":\"https:\\\/\\\/pizzastick.es\\\/ca\\\/com-fer-pizza-casolana-i-passar-un-dia-rodo\\\/#breadcrumb\"},\"inLanguage\":\"fr-FR\",\"potentialAction\":[{\"@type\":\"ReadAction\",\"target\":[\"https:\\\/\\\/pizzastick.es\\\/ca\\\/com-fer-pizza-casolana-i-passar-un-dia-rodo\\\/\"]}]},{\"@type\":\"ImageObject\",\"inLanguage\":\"fr-FR\",\"@id\":\"https:\\\/\\\/pizzastick.es\\\/ca\\\/com-fer-pizza-casolana-i-passar-un-dia-rodo\\\/#primaryimage\",\"url\":\"https:\\\/\\\/pizzastick.es\\\/wp-content\\\/uploads\\\/2020\\\/04\\\/videostick-pizza-en-casa-cocinar.png\",\"contentUrl\":\"https:\\\/\\\/pizzastick.es\\\/wp-content\\\/uploads\\\/2020\\\/04\\\/videostick-pizza-en-casa-cocinar.png\",\"width\":915,\"height\":515},{\"@type\":\"BreadcrumbList\",\"@id\":\"https:\\\/\\\/pizzastick.es\\\/ca\\\/com-fer-pizza-casolana-i-passar-un-dia-rodo\\\/#breadcrumb\",\"itemListElement\":[{\"@type\":\"ListItem\",\"position\":1,\"name\":\"Portada\",\"item\":\"https:\\\/\\\/pizzastick.es\\\/\"},{\"@type\":\"ListItem\",\"position\":2,\"name\":\"Compartim amb tu com fer la teva pizza casolana i passar un dia rod\u00f3 amb els teus\"}]},{\"@type\":\"WebSite\",\"@id\":\"https:\\\/\\\/pizzastick.es\\\/#website\",\"url\":\"https:\\\/\\\/pizzastick.es\\\/\",\"name\":\"Pizza Stick | Pizzas artesanas para los pizza lovers m\u00e1s exigentes\",\"description\":\"Pizzas artesanales de masa fina y crujientes, hechas 100% al momento. Tres pizzer\u00edas para comer en el local o a domicilio: Puigcerd\u00e1, Bellver y Escadarcs.\",\"publisher\":{\"@id\":\"https:\\\/\\\/pizzastick.es\\\/#organization\"},\"alternateName\":\"Pizza Stick\",\"potentialAction\":[{\"@type\":\"SearchAction\",\"target\":{\"@type\":\"EntryPoint\",\"urlTemplate\":\"https:\\\/\\\/pizzastick.es\\\/?s={search_term_string}\"},\"query-input\":{\"@type\":\"PropertyValueSpecification\",\"valueRequired\":true,\"valueName\":\"search_term_string\"}}],\"inLanguage\":\"fr-FR\"},{\"@type\":\"Organization\",\"@id\":\"https:\\\/\\\/pizzastick.es\\\/#organization\",\"name\":\"Pizza Stick\",\"url\":\"https:\\\/\\\/pizzastick.es\\\/\",\"logo\":{\"@type\":\"ImageObject\",\"inLanguage\":\"fr-FR\",\"@id\":\"https:\\\/\\\/pizzastick.es\\\/#\\\/schema\\\/logo\\\/image\\\/\",\"url\":\"https:\\\/\\\/pizzastick.es\\\/wp-content\\\/uploads\\\/2024\\\/02\\\/PS_LogoRedondaAmarillo.png\",\"contentUrl\":\"https:\\\/\\\/pizzastick.es\\\/wp-content\\\/uploads\\\/2024\\\/02\\\/PS_LogoRedondaAmarillo.png\",\"width\":329,\"height\":329,\"caption\":\"Pizza Stick\"},\"image\":{\"@id\":\"https:\\\/\\\/pizzastick.es\\\/#\\\/schema\\\/logo\\\/image\\\/\"},\"sameAs\":[\"https:\\\/\\\/www.facebook.com\\\/pizzeriapizzastick\",\"https:\\\/\\\/x.com\\\/pizza_stick_\",\"https:\\\/\\\/instagram.com\\\/pizzeriapizzastick\\\/\"]},{\"@type\":\"Person\",\"@id\":\"https:\\\/\\\/pizzastick.es\\\/#\\\/schema\\\/person\\\/c164ec506c453162653fb0ffe1c16cce\",\"name\":\"Andrea\",\"image\":{\"@type\":\"ImageObject\",\"inLanguage\":\"fr-FR\",\"@id\":\"https:\\\/\\\/secure.gravatar.com\\\/avatar\\\/ce967459384f86ddc3d69942d6e2c92fa06c1ebece9dccf6ef57e404ada6fe0b?s=96&d=mm&r=g\",\"url\":\"https:\\\/\\\/secure.gravatar.com\\\/avatar\\\/ce967459384f86ddc3d69942d6e2c92fa06c1ebece9dccf6ef57e404ada6fe0b?s=96&d=mm&r=g\",\"contentUrl\":\"https:\\\/\\\/secure.gravatar.com\\\/avatar\\\/ce967459384f86ddc3d69942d6e2c92fa06c1ebece9dccf6ef57e404ada6fe0b?s=96&d=mm&r=g\",\"caption\":\"Andrea\"},\"sameAs\":[\"https:\\\/\\\/pizzastick.es\"]}]}<\/script>\n<!-- \/ Yoast SEO plugin. -->","yoast_head_json":{"title":"Compartim amb tu com fer la teva pizza casolana i passar un dia rod\u00f3 amb els teus - Pizza Stick | Pizzas artesanas para los pizza lovers m\u00e1s exigentes","description":"Pizzas artesanales para los pizzalovers m\u00e1s exigentes. Tres pizzer\u00edas en la comarca de la Cerdanya: Puigcerd\u00e0, Escadarcs, y Bellver de Cerdanya.","robots":{"index":"index","follow":"follow","max-snippet":"max-snippet:-1","max-image-preview":"max-image-preview:large","max-video-preview":"max-video-preview:-1"},"canonical":"https:\/\/pizzastick.es\/fr\/com-fer-pizza-casolana-i-passar-un-dia-rodo\/","og_locale":"fr_FR","og_type":"article","og_title":"Compartim amb tu com fer la teva pizza casolana i passar un dia rod\u00f3 amb els teus - Pizza Stick | Pizzas artesanas para los pizza lovers m\u00e1s exigentes","og_description":"Pizzas artesanales para los pizzalovers m\u00e1s exigentes. Tres pizzer\u00edas en la comarca de la Cerdanya: Puigcerd\u00e0, Escadarcs, y Bellver de Cerdanya.","og_url":"https:\/\/pizzastick.es\/fr\/com-fer-pizza-casolana-i-passar-un-dia-rodo\/","og_site_name":"Pizza Stick | Pizzas artesanas para los pizza lovers m\u00e1s exigentes","article_publisher":"https:\/\/www.facebook.com\/pizzeriapizzastick","article_published_time":"2020-04-01T12:20:58+00:00","article_modified_time":"2020-09-09T19:28:35+00:00","og_image":[{"width":915,"height":515,"url":"https:\/\/pizzastick.es\/wp-content\/uploads\/2020\/04\/videostick-pizza-en-casa-cocinar.png","type":"image\/png"}],"author":"Andrea","twitter_card":"summary_large_image","twitter_creator":"@pizza_stick_","twitter_site":"@pizza_stick_","twitter_misc":{"\u00c9crit par":"Andrea","Dur\u00e9e de lecture estim\u00e9e":"2 minutes"},"schema":{"@context":"https:\/\/schema.org","@graph":[{"@type":"Article","@id":"https:\/\/pizzastick.es\/ca\/com-fer-pizza-casolana-i-passar-un-dia-rodo\/#article","isPartOf":{"@id":"https:\/\/pizzastick.es\/ca\/com-fer-pizza-casolana-i-passar-un-dia-rodo\/"},"author":{"name":"Andrea","@id":"https:\/\/pizzastick.es\/#\/schema\/person\/c164ec506c453162653fb0ffe1c16cce"},"headline":"Compartim amb tu com fer la teva pizza casolana i passar un dia rod\u00f3 amb els teus","datePublished":"2020-04-01T12:20:58+00:00","dateModified":"2020-09-09T19:28:35+00:00","mainEntityOfPage":{"@id":"https:\/\/pizzastick.es\/ca\/com-fer-pizza-casolana-i-passar-un-dia-rodo\/"},"wordCount":333,"commentCount":0,"publisher":{"@id":"https:\/\/pizzastick.es\/#organization"},"image":{"@id":"https:\/\/pizzastick.es\/ca\/com-fer-pizza-casolana-i-passar-un-dia-rodo\/#primaryimage"},"thumbnailUrl":"https:\/\/pizzastick.es\/wp-content\/uploads\/2020\/04\/videostick-pizza-en-casa-cocinar.png","articleSection":["Sense categoria"],"inLanguage":"fr-FR","potentialAction":[{"@type":"CommentAction","name":"Comment","target":["https:\/\/pizzastick.es\/ca\/com-fer-pizza-casolana-i-passar-un-dia-rodo\/#respond"]}]},{"@type":"WebPage","@id":"https:\/\/pizzastick.es\/ca\/com-fer-pizza-casolana-i-passar-un-dia-rodo\/","url":"https:\/\/pizzastick.es\/ca\/com-fer-pizza-casolana-i-passar-un-dia-rodo\/","name":"Compartim amb tu com fer la teva pizza casolana i passar un dia rod\u00f3 amb els teus - Pizza Stick | Pizzas artesanas para los pizza lovers m\u00e1s exigentes","isPartOf":{"@id":"https:\/\/pizzastick.es\/#website"},"primaryImageOfPage":{"@id":"https:\/\/pizzastick.es\/ca\/com-fer-pizza-casolana-i-passar-un-dia-rodo\/#primaryimage"},"image":{"@id":"https:\/\/pizzastick.es\/ca\/com-fer-pizza-casolana-i-passar-un-dia-rodo\/#primaryimage"},"thumbnailUrl":"https:\/\/pizzastick.es\/wp-content\/uploads\/2020\/04\/videostick-pizza-en-casa-cocinar.png","datePublished":"2020-04-01T12:20:58+00:00","dateModified":"2020-09-09T19:28:35+00:00","description":"Pizzas artesanales para los pizzalovers m\u00e1s exigentes. Tres pizzer\u00edas en la comarca de la Cerdanya: Puigcerd\u00e0, Escadarcs, y Bellver de Cerdanya.","breadcrumb":{"@id":"https:\/\/pizzastick.es\/ca\/com-fer-pizza-casolana-i-passar-un-dia-rodo\/#breadcrumb"},"inLanguage":"fr-FR","potentialAction":[{"@type":"ReadAction","target":["https:\/\/pizzastick.es\/ca\/com-fer-pizza-casolana-i-passar-un-dia-rodo\/"]}]},{"@type":"ImageObject","inLanguage":"fr-FR","@id":"https:\/\/pizzastick.es\/ca\/com-fer-pizza-casolana-i-passar-un-dia-rodo\/#primaryimage","url":"https:\/\/pizzastick.es\/wp-content\/uploads\/2020\/04\/videostick-pizza-en-casa-cocinar.png","contentUrl":"https:\/\/pizzastick.es\/wp-content\/uploads\/2020\/04\/videostick-pizza-en-casa-cocinar.png","width":915,"height":515},{"@type":"BreadcrumbList","@id":"https:\/\/pizzastick.es\/ca\/com-fer-pizza-casolana-i-passar-un-dia-rodo\/#breadcrumb","itemListElement":[{"@type":"ListItem","position":1,"name":"Portada","item":"https:\/\/pizzastick.es\/"},{"@type":"ListItem","position":2,"name":"Compartim amb tu com fer la teva pizza casolana i passar un dia rod\u00f3 amb els teus"}]},{"@type":"WebSite","@id":"https:\/\/pizzastick.es\/#website","url":"https:\/\/pizzastick.es\/","name":"Pizza Stick | Pizzas artesanas para los pizza lovers m\u00e1s exigentes","description":"Pizzas artisanales \u00e0 la p\u00e2te fine et croustillante, pr\u00e9par\u00e9es \u00e0 la commande 100%. Trois pizzerias \u00e0 consommer sur place ou \u00e0 domicile : Puigcerd\u00e1, Bellver et Escadarcs.","publisher":{"@id":"https:\/\/pizzastick.es\/#organization"},"alternateName":"Pizza Stick","potentialAction":[{"@type":"SearchAction","target":{"@type":"EntryPoint","urlTemplate":"https:\/\/pizzastick.es\/?s={search_term_string}"},"query-input":{"@type":"PropertyValueSpecification","valueRequired":true,"valueName":"search_term_string"}}],"inLanguage":"fr-FR"},{"@type":"Organization","@id":"https:\/\/pizzastick.es\/#organization","name":"B\u00e2ton \u00e0 pizza","url":"https:\/\/pizzastick.es\/","logo":{"@type":"ImageObject","inLanguage":"fr-FR","@id":"https:\/\/pizzastick.es\/#\/schema\/logo\/image\/","url":"https:\/\/pizzastick.es\/wp-content\/uploads\/2024\/02\/PS_LogoRedondaAmarillo.png","contentUrl":"https:\/\/pizzastick.es\/wp-content\/uploads\/2024\/02\/PS_LogoRedondaAmarillo.png","width":329,"height":329,"caption":"Pizza Stick"},"image":{"@id":"https:\/\/pizzastick.es\/#\/schema\/logo\/image\/"},"sameAs":["https:\/\/www.facebook.com\/pizzeriapizzastick","https:\/\/x.com\/pizza_stick_","https:\/\/instagram.com\/pizzeriapizzastick\/"]},{"@type":"Person","@id":"https:\/\/pizzastick.es\/#\/schema\/person\/c164ec506c453162653fb0ffe1c16cce","name":"Andrea","image":{"@type":"ImageObject","inLanguage":"fr-FR","@id":"https:\/\/secure.gravatar.com\/avatar\/ce967459384f86ddc3d69942d6e2c92fa06c1ebece9dccf6ef57e404ada6fe0b?s=96&d=mm&r=g","url":"https:\/\/secure.gravatar.com\/avatar\/ce967459384f86ddc3d69942d6e2c92fa06c1ebece9dccf6ef57e404ada6fe0b?s=96&d=mm&r=g","contentUrl":"https:\/\/secure.gravatar.com\/avatar\/ce967459384f86ddc3d69942d6e2c92fa06c1ebece9dccf6ef57e404ada6fe0b?s=96&d=mm&r=g","caption":"Andrea"},"sameAs":["https:\/\/pizzastick.es"]}]}},"_links":{"self":[{"href":"https:\/\/pizzastick.es\/fr\/wp-json\/wp\/v2\/posts\/2696","targetHints":{"allow":["GET"]}}],"collection":[{"href":"https:\/\/pizzastick.es\/fr\/wp-json\/wp\/v2\/posts"}],"about":[{"href":"https:\/\/pizzastick.es\/fr\/wp-json\/wp\/v2\/types\/post"}],"author":[{"embeddable":true,"href":"https:\/\/pizzastick.es\/fr\/wp-json\/wp\/v2\/users\/3"}],"replies":[{"embeddable":true,"href":"https:\/\/pizzastick.es\/fr\/wp-json\/wp\/v2\/comments?post=2696"}],"version-history":[{"count":4,"href":"https:\/\/pizzastick.es\/fr\/wp-json\/wp\/v2\/posts\/2696\/revisions"}],"predecessor-version":[{"id":2715,"href":"https:\/\/pizzastick.es\/fr\/wp-json\/wp\/v2\/posts\/2696\/revisions\/2715"}],"wp:featuredmedia":[{"embeddable":true,"href":"https:\/\/pizzastick.es\/fr\/wp-json\/wp\/v2\/media\/2143"}],"wp:attachment":[{"href":"https:\/\/pizzastick.es\/fr\/wp-json\/wp\/v2\/media?parent=2696"}],"wp:term":[{"taxonomy":"category","embeddable":true,"href":"https:\/\/pizzastick.es\/fr\/wp-json\/wp\/v2\/categories?post=2696"},{"taxonomy":"post_tag","embeddable":true,"href":"https:\/\/pizzastick.es\/fr\/wp-json\/wp\/v2\/tags?post=2696"}],"curies":[{"name":"wp","href":"https:\/\/api.w.org\/{rel}","templated":true}]}}