{"id":6748,"date":"2024-07-11T12:44:38","date_gmt":"2024-07-11T10:44:38","guid":{"rendered":"https:\/\/pizzastick.es\/?p=6748"},"modified":"2024-08-14T13:21:04","modified_gmt":"2024-08-14T11:21:04","slug":"sundays-stick-pizza-musica-en-las-montanas","status":"publish","type":"post","link":"https:\/\/pizzastick.es\/fr\/sundays-stick-pizza-musica-en-las-montanas\/","title":{"rendered":"SUNDAYS STICK: Pizza &#038; M\u00fasica en las Monta\u00f1as"},"content":{"rendered":"<div data-elementor-type=\"wp-post\" data-elementor-id=\"6748\" class=\"elementor elementor-6748\" data-elementor-post-type=\"post\">\n\t\t\t\t<div class=\"elementor-element elementor-element-b73481a e-flex e-con-boxed e-con e-parent\" data-id=\"b73481a\" data-element_type=\"container\" data-e-type=\"container\">\n\t\t\t\t\t<div class=\"e-con-inner\">\n\t\t\t\t<div class=\"elementor-element elementor-element-1927eb09 elementor-widget elementor-widget-text-editor\" data-id=\"1927eb09\" data-element_type=\"widget\" data-e-type=\"widget\" data-widget_type=\"text-editor.default\">\n\t\t\t\t\t\t\t\t\t<h3><strong>\u00a1Un Verano Inolvidable en Pizza Stick!<\/strong><\/h3><p>Este verano en Pizza Stick ha sido simplemente espectacular, \u00a1y queremos compartirlo contigo!<\/p><p>Imagina sentir el calorcito del verano mientras disfrutas del impresionante paisaje de las monta\u00f1as de Cerdanya. El cielo azul contrastando con las cumbres te invita a salir y disfrutar: ya sea dando una vuelta en bici, caminando por los senderos o refresc\u00e1ndote los pies en un r\u00edo cercano. \u00a1Qu\u00e9 delicia! Es el momento perfecto para conectarse con la natura, la familia i els amics.<\/p><p>En Pizza Stick, nos hemos convertido en el lugar perfecto para complementar esos momentos especiales. Durante los Sundays Music, disfrutamos de buena m\u00fasica, deliciosa comida y el mejor ambiente posible. Adem\u00e1s, este verano hemos introducido algunas delicias nuevas que han sido el acompa\u00f1amiento perfecto para esas noches inolvidables.<\/p><h3>Lo que vivimos:<\/h3><ul><li><strong>14 de julio en Pizza Stick Puigcerd\u00e0<\/strong>: Aly Alma Music nos deleit\u00f3 con su voz incre\u00edble, creando una atm\u00f3sfera m\u00e1gica al caer la tarde. Muchos aprovecharon para probar nuestra refrescante <strong>Ensalada Summer<\/strong> de sand\u00eda, mezcla de tomates y burrata con salsa pesto artesanal, que fue un \u00e9xito total.<\/li><li><strong>21 de julio en Pizza Stick Bellver<\/strong>: Aly Alma volvi\u00f3 a cautivarnos, esta vez con un toque m\u00e1s \u00edntimo y cercano. Nuestra <strong>Pizza Ganadora: La Pirinova<\/strong>, con base de tomate, b\u00fafala, r\u00facula, parmesano y virutas de jam\u00f3n, fue la estrella de la noche, maridada a la perfecci\u00f3n con la sangr\u00eda.<\/li><li><strong>28 de julio en Pizza Stick Escadarcs<\/strong>: The Same Face con Edu Palomares nos hicieron vibrar con versiones de rock y pop tan intensas que nuestro local se convirti\u00f3 en una aut\u00e9ntica pista de baile. Y para coronar la velada, muchos no resistieron la tentaci\u00f3n de nuestro cremoso <strong>Cheesecake de Lotus y Pistacho<\/strong>.<\/li><li><strong>4 de agosto en Pizza Stick Escadarcs<\/strong>: Cerramos el ciclo de Sundays Music con The Atomic Leopards, que nos transportaron al estilo Rockabilly con su inconfundible \u00abrock\u2019n\u2019ville\u00bb. Fue la forma perfecta de culminar este verano musical, acompa\u00f1ados, por supuesto, con una\u00a0 de nuestra nueva <strong>Sangr\u00eda de Frutos Rojos, todo un \u00e9xito.<\/strong><\/li><\/ul><p>La respuesta de todos ustedes fue incre\u00edble, y hemos capturado esos momentos en fotos y videos que ya est\u00e1n disponibles en nuestro blog y redes sociales. No te pierdas la oportunidad de revivir esas noches m\u00e1gicas o descubrir lo que te espera si a\u00fan no nos has visitado.<\/p><h2><a href=\"https:\/\/www.instagram.com\/reel\/C-pahwDq2zn\/?igsh=Yno1NXhoM2w4bjZo\">\u00a1Echa un vistazo al material exclusivo!<\/a><\/h2><p>Hemos subido las mejores fotos y videos de estos domingos tan especiales. Puedes ver c\u00f3mo disfrutamos de cada momento y quiz\u00e1s hasta encontrarte entre el p\u00fablico. Si no pudiste venir, \u00a1aqu\u00ed tienes una probadita de lo que te perdiste!<\/p><p><a href=\"https:\/\/www.instagram.com\/reel\/C-pahwDq2zn\/?igsh=Yno1NXhoM2w4bjZo\">Ver video aqui.<\/a><\/p><p>En Pizza Stick, creemos en crear momentos redondos y memorables. Nosotros ponemos la pizza, la m\u00fasica y el mejor ambiente. \u00bfNos ayudas a crear m\u00e1s recuerdos inolvidables?<\/p>\t\t\t\t\t\t\t\t<\/div>\n\t\t\t\t\t<\/div>\n\t\t\t\t<\/div>\n\t\t\t\t<\/div>","protected":false},"excerpt":{"rendered":"<p>\u00a1Un Verano Inolvidable en Pizza Stick! Este verano en Pizza Stick ha sido simplemente espectacular, \u00a1y queremos compartirlo contigo! Imagina sentir el calorcito del verano mientras disfrutas del impresionante paisaje de las monta\u00f1as de Cerdanya. El cielo azul contrastando con las cumbres te invita a&#8230;<\/p>","protected":false},"author":3,"featured_media":6833,"comment_status":"open","ping_status":"open","sticky":false,"template":"","format":"standard","meta":{"footnotes":""},"categories":[124],"tags":[],"class_list":["post-6748","post","type-post","status-publish","format-standard","has-post-thumbnail","hentry","category-evento"],"yoast_head":"<!-- This site is optimized with the Yoast SEO plugin v27.5 - https:\/\/yoast.com\/product\/yoast-seo-wordpress\/ -->\n<title>SUNDAYS STICK: Pizza &amp; M\u00fasica en las Monta\u00f1as - Pizza Stick | Pizzas artesanas para los pizza lovers m\u00e1s exigentes<\/title>\n<meta name=\"description\" content=\"Disfruta el verano en Pizza Stick con m\u00fasica en vivo, nuevas especialidades de temporada y un ambiente \u00fanico en la Cerdanya. Descubre los mejores momentos en nuestras pizzer\u00edas de Puigcerd\u00e0, Escadarcs y Bellver.\" \/>\n<meta name=\"robots\" content=\"index, follow, max-snippet:-1, max-image-preview:large, max-video-preview:-1\" \/>\n<link rel=\"canonical\" href=\"https:\/\/pizzastick.es\/fr\/sundays-stick-pizza-musica-en-las-montanas\/\" \/>\n<meta property=\"og:locale\" content=\"fr_FR\" \/>\n<meta property=\"og:type\" content=\"article\" \/>\n<meta property=\"og:title\" content=\"SUNDAYS STICK: Pizza &amp; M\u00fasica en las Monta\u00f1as - Pizza Stick | Pizzas artesanas para los pizza lovers m\u00e1s exigentes\" \/>\n<meta property=\"og:description\" content=\"Disfruta el verano en Pizza Stick con m\u00fasica en vivo, nuevas especialidades de temporada y un ambiente \u00fanico en la Cerdanya. Descubre los mejores momentos en nuestras pizzer\u00edas de Puigcerd\u00e0, Escadarcs y Bellver.\" \/>\n<meta property=\"og:url\" content=\"https:\/\/pizzastick.es\/fr\/sundays-stick-pizza-musica-en-las-montanas\/\" \/>\n<meta property=\"og:site_name\" content=\"Pizza Stick | Pizzas artesanas para los pizza lovers m\u00e1s exigentes\" \/>\n<meta property=\"article:publisher\" content=\"https:\/\/www.facebook.com\/pizzeriapizzastick\" \/>\n<meta property=\"article:published_time\" content=\"2024-07-11T10:44:38+00:00\" \/>\n<meta property=\"article:modified_time\" content=\"2024-08-14T11:21:04+00:00\" \/>\n<meta property=\"og:image\" content=\"https:\/\/pizzastick.es\/wp-content\/uploads\/2024\/07\/sundays-music.png\" \/>\n\t<meta property=\"og:image:width\" content=\"1080\" \/>\n\t<meta property=\"og:image:height\" content=\"1080\" \/>\n\t<meta property=\"og:image:type\" content=\"image\/png\" \/>\n<meta name=\"author\" content=\"Andrea\" \/>\n<meta name=\"twitter:card\" content=\"summary_large_image\" \/>\n<meta name=\"twitter:creator\" content=\"@pizza_stick_\" \/>\n<meta name=\"twitter:site\" content=\"@pizza_stick_\" \/>\n<meta name=\"twitter:label1\" content=\"\u00c9crit par\" \/>\n\t<meta name=\"twitter:data1\" content=\"Andrea\" \/>\n\t<meta name=\"twitter:label2\" content=\"Dur\u00e9e de lecture estim\u00e9e\" \/>\n\t<meta name=\"twitter:data2\" content=\"3 minutes\" \/>\n<script type=\"application\/ld+json\" class=\"yoast-schema-graph\">{\"@context\":\"https:\\\/\\\/schema.org\",\"@graph\":[{\"@type\":\"Article\",\"@id\":\"https:\\\/\\\/pizzastick.es\\\/sundays-stick-pizza-musica-en-las-montanas\\\/#article\",\"isPartOf\":{\"@id\":\"https:\\\/\\\/pizzastick.es\\\/sundays-stick-pizza-musica-en-las-montanas\\\/\"},\"author\":{\"name\":\"Andrea\",\"@id\":\"https:\\\/\\\/pizzastick.es\\\/#\\\/schema\\\/person\\\/c164ec506c453162653fb0ffe1c16cce\"},\"headline\":\"SUNDAYS STICK: Pizza &#038; M\u00fasica en las Monta\u00f1as\",\"datePublished\":\"2024-07-11T10:44:38+00:00\",\"dateModified\":\"2024-08-14T11:21:04+00:00\",\"mainEntityOfPage\":{\"@id\":\"https:\\\/\\\/pizzastick.es\\\/sundays-stick-pizza-musica-en-las-montanas\\\/\"},\"wordCount\":495,\"commentCount\":0,\"publisher\":{\"@id\":\"https:\\\/\\\/pizzastick.es\\\/#organization\"},\"image\":{\"@id\":\"https:\\\/\\\/pizzastick.es\\\/sundays-stick-pizza-musica-en-las-montanas\\\/#primaryimage\"},\"thumbnailUrl\":\"https:\\\/\\\/pizzastick.es\\\/wp-content\\\/uploads\\\/2024\\\/07\\\/sundays-music.png\",\"articleSection\":[\"Evento\"],\"inLanguage\":\"fr-FR\",\"potentialAction\":[{\"@type\":\"CommentAction\",\"name\":\"Comment\",\"target\":[\"https:\\\/\\\/pizzastick.es\\\/sundays-stick-pizza-musica-en-las-montanas\\\/#respond\"]}]},{\"@type\":\"WebPage\",\"@id\":\"https:\\\/\\\/pizzastick.es\\\/sundays-stick-pizza-musica-en-las-montanas\\\/\",\"url\":\"https:\\\/\\\/pizzastick.es\\\/sundays-stick-pizza-musica-en-las-montanas\\\/\",\"name\":\"SUNDAYS STICK: Pizza & M\u00fasica en las Monta\u00f1as - Pizza Stick | Pizzas artesanas para los pizza lovers m\u00e1s exigentes\",\"isPartOf\":{\"@id\":\"https:\\\/\\\/pizzastick.es\\\/#website\"},\"primaryImageOfPage\":{\"@id\":\"https:\\\/\\\/pizzastick.es\\\/sundays-stick-pizza-musica-en-las-montanas\\\/#primaryimage\"},\"image\":{\"@id\":\"https:\\\/\\\/pizzastick.es\\\/sundays-stick-pizza-musica-en-las-montanas\\\/#primaryimage\"},\"thumbnailUrl\":\"https:\\\/\\\/pizzastick.es\\\/wp-content\\\/uploads\\\/2024\\\/07\\\/sundays-music.png\",\"datePublished\":\"2024-07-11T10:44:38+00:00\",\"dateModified\":\"2024-08-14T11:21:04+00:00\",\"description\":\"Disfruta el verano en Pizza Stick con m\u00fasica en vivo, nuevas especialidades de temporada y un ambiente \u00fanico en la Cerdanya. Descubre los mejores momentos en nuestras pizzer\u00edas de Puigcerd\u00e0, Escadarcs y Bellver.\",\"breadcrumb\":{\"@id\":\"https:\\\/\\\/pizzastick.es\\\/sundays-stick-pizza-musica-en-las-montanas\\\/#breadcrumb\"},\"inLanguage\":\"fr-FR\",\"potentialAction\":[{\"@type\":\"ReadAction\",\"target\":[\"https:\\\/\\\/pizzastick.es\\\/sundays-stick-pizza-musica-en-las-montanas\\\/\"]}]},{\"@type\":\"ImageObject\",\"inLanguage\":\"fr-FR\",\"@id\":\"https:\\\/\\\/pizzastick.es\\\/sundays-stick-pizza-musica-en-las-montanas\\\/#primaryimage\",\"url\":\"https:\\\/\\\/pizzastick.es\\\/wp-content\\\/uploads\\\/2024\\\/07\\\/sundays-music.png\",\"contentUrl\":\"https:\\\/\\\/pizzastick.es\\\/wp-content\\\/uploads\\\/2024\\\/07\\\/sundays-music.png\",\"width\":1080,\"height\":1080},{\"@type\":\"BreadcrumbList\",\"@id\":\"https:\\\/\\\/pizzastick.es\\\/sundays-stick-pizza-musica-en-las-montanas\\\/#breadcrumb\",\"itemListElement\":[{\"@type\":\"ListItem\",\"position\":1,\"name\":\"Portada\",\"item\":\"https:\\\/\\\/pizzastick.es\\\/\"},{\"@type\":\"ListItem\",\"position\":2,\"name\":\"SUNDAYS STICK: Pizza &#038; M\u00fasica en las Monta\u00f1as\"}]},{\"@type\":\"WebSite\",\"@id\":\"https:\\\/\\\/pizzastick.es\\\/#website\",\"url\":\"https:\\\/\\\/pizzastick.es\\\/\",\"name\":\"Pizza Stick | Pizzas artesanas para los pizza lovers m\u00e1s exigentes\",\"description\":\"Pizzas artesanales de masa fina y crujientes, hechas 100% al momento. Tres pizzer\u00edas para comer en el local o a domicilio: Puigcerd\u00e1, Bellver y Escadarcs.\",\"publisher\":{\"@id\":\"https:\\\/\\\/pizzastick.es\\\/#organization\"},\"alternateName\":\"Pizza Stick\",\"potentialAction\":[{\"@type\":\"SearchAction\",\"target\":{\"@type\":\"EntryPoint\",\"urlTemplate\":\"https:\\\/\\\/pizzastick.es\\\/?s={search_term_string}\"},\"query-input\":{\"@type\":\"PropertyValueSpecification\",\"valueRequired\":true,\"valueName\":\"search_term_string\"}}],\"inLanguage\":\"fr-FR\"},{\"@type\":\"Organization\",\"@id\":\"https:\\\/\\\/pizzastick.es\\\/#organization\",\"name\":\"Pizza Stick\",\"url\":\"https:\\\/\\\/pizzastick.es\\\/\",\"logo\":{\"@type\":\"ImageObject\",\"inLanguage\":\"fr-FR\",\"@id\":\"https:\\\/\\\/pizzastick.es\\\/#\\\/schema\\\/logo\\\/image\\\/\",\"url\":\"https:\\\/\\\/pizzastick.es\\\/wp-content\\\/uploads\\\/2024\\\/02\\\/PS_LogoRedondaAmarillo.png\",\"contentUrl\":\"https:\\\/\\\/pizzastick.es\\\/wp-content\\\/uploads\\\/2024\\\/02\\\/PS_LogoRedondaAmarillo.png\",\"width\":329,\"height\":329,\"caption\":\"Pizza Stick\"},\"image\":{\"@id\":\"https:\\\/\\\/pizzastick.es\\\/#\\\/schema\\\/logo\\\/image\\\/\"},\"sameAs\":[\"https:\\\/\\\/www.facebook.com\\\/pizzeriapizzastick\",\"https:\\\/\\\/x.com\\\/pizza_stick_\",\"https:\\\/\\\/instagram.com\\\/pizzeriapizzastick\\\/\"]},{\"@type\":\"Person\",\"@id\":\"https:\\\/\\\/pizzastick.es\\\/#\\\/schema\\\/person\\\/c164ec506c453162653fb0ffe1c16cce\",\"name\":\"Andrea\",\"image\":{\"@type\":\"ImageObject\",\"inLanguage\":\"fr-FR\",\"@id\":\"https:\\\/\\\/secure.gravatar.com\\\/avatar\\\/ce967459384f86ddc3d69942d6e2c92fa06c1ebece9dccf6ef57e404ada6fe0b?s=96&d=mm&r=g\",\"url\":\"https:\\\/\\\/secure.gravatar.com\\\/avatar\\\/ce967459384f86ddc3d69942d6e2c92fa06c1ebece9dccf6ef57e404ada6fe0b?s=96&d=mm&r=g\",\"contentUrl\":\"https:\\\/\\\/secure.gravatar.com\\\/avatar\\\/ce967459384f86ddc3d69942d6e2c92fa06c1ebece9dccf6ef57e404ada6fe0b?s=96&d=mm&r=g\",\"caption\":\"Andrea\"},\"sameAs\":[\"https:\\\/\\\/pizzastick.es\"]}]}<\/script>\n<!-- \/ Yoast SEO plugin. -->","yoast_head_json":{"title":"SUNDAYS STICK: Pizza & M\u00fasica en las Monta\u00f1as - Pizza Stick | Pizzas artesanas para los pizza lovers m\u00e1s exigentes","description":"Disfruta el verano en Pizza Stick con m\u00fasica en vivo, nuevas especialidades de temporada y un ambiente \u00fanico en la Cerdanya. Descubre los mejores momentos en nuestras pizzer\u00edas de Puigcerd\u00e0, Escadarcs y Bellver.","robots":{"index":"index","follow":"follow","max-snippet":"max-snippet:-1","max-image-preview":"max-image-preview:large","max-video-preview":"max-video-preview:-1"},"canonical":"https:\/\/pizzastick.es\/fr\/sundays-stick-pizza-musica-en-las-montanas\/","og_locale":"fr_FR","og_type":"article","og_title":"SUNDAYS STICK: Pizza & M\u00fasica en las Monta\u00f1as - Pizza Stick | Pizzas artesanas para los pizza lovers m\u00e1s exigentes","og_description":"Disfruta el verano en Pizza Stick con m\u00fasica en vivo, nuevas especialidades de temporada y un ambiente \u00fanico en la Cerdanya. Descubre los mejores momentos en nuestras pizzer\u00edas de Puigcerd\u00e0, Escadarcs y Bellver.","og_url":"https:\/\/pizzastick.es\/fr\/sundays-stick-pizza-musica-en-las-montanas\/","og_site_name":"Pizza Stick | Pizzas artesanas para los pizza lovers m\u00e1s exigentes","article_publisher":"https:\/\/www.facebook.com\/pizzeriapizzastick","article_published_time":"2024-07-11T10:44:38+00:00","article_modified_time":"2024-08-14T11:21:04+00:00","og_image":[{"width":1080,"height":1080,"url":"https:\/\/pizzastick.es\/wp-content\/uploads\/2024\/07\/sundays-music.png","type":"image\/png"}],"author":"Andrea","twitter_card":"summary_large_image","twitter_creator":"@pizza_stick_","twitter_site":"@pizza_stick_","twitter_misc":{"\u00c9crit par":"Andrea","Dur\u00e9e de lecture estim\u00e9e":"3 minutes"},"schema":{"@context":"https:\/\/schema.org","@graph":[{"@type":"Article","@id":"https:\/\/pizzastick.es\/sundays-stick-pizza-musica-en-las-montanas\/#article","isPartOf":{"@id":"https:\/\/pizzastick.es\/sundays-stick-pizza-musica-en-las-montanas\/"},"author":{"name":"Andrea","@id":"https:\/\/pizzastick.es\/#\/schema\/person\/c164ec506c453162653fb0ffe1c16cce"},"headline":"SUNDAYS STICK: Pizza &#038; M\u00fasica en las Monta\u00f1as","datePublished":"2024-07-11T10:44:38+00:00","dateModified":"2024-08-14T11:21:04+00:00","mainEntityOfPage":{"@id":"https:\/\/pizzastick.es\/sundays-stick-pizza-musica-en-las-montanas\/"},"wordCount":495,"commentCount":0,"publisher":{"@id":"https:\/\/pizzastick.es\/#organization"},"image":{"@id":"https:\/\/pizzastick.es\/sundays-stick-pizza-musica-en-las-montanas\/#primaryimage"},"thumbnailUrl":"https:\/\/pizzastick.es\/wp-content\/uploads\/2024\/07\/sundays-music.png","articleSection":["Evento"],"inLanguage":"fr-FR","potentialAction":[{"@type":"CommentAction","name":"Comment","target":["https:\/\/pizzastick.es\/sundays-stick-pizza-musica-en-las-montanas\/#respond"]}]},{"@type":"WebPage","@id":"https:\/\/pizzastick.es\/sundays-stick-pizza-musica-en-las-montanas\/","url":"https:\/\/pizzastick.es\/sundays-stick-pizza-musica-en-las-montanas\/","name":"SUNDAYS STICK: Pizza & M\u00fasica en las Monta\u00f1as - Pizza Stick | Pizzas artesanas para los pizza lovers m\u00e1s exigentes","isPartOf":{"@id":"https:\/\/pizzastick.es\/#website"},"primaryImageOfPage":{"@id":"https:\/\/pizzastick.es\/sundays-stick-pizza-musica-en-las-montanas\/#primaryimage"},"image":{"@id":"https:\/\/pizzastick.es\/sundays-stick-pizza-musica-en-las-montanas\/#primaryimage"},"thumbnailUrl":"https:\/\/pizzastick.es\/wp-content\/uploads\/2024\/07\/sundays-music.png","datePublished":"2024-07-11T10:44:38+00:00","dateModified":"2024-08-14T11:21:04+00:00","description":"Disfruta el verano en Pizza Stick con m\u00fasica en vivo, nuevas especialidades de temporada y un ambiente \u00fanico en la Cerdanya. Descubre los mejores momentos en nuestras pizzer\u00edas de Puigcerd\u00e0, Escadarcs y Bellver.","breadcrumb":{"@id":"https:\/\/pizzastick.es\/sundays-stick-pizza-musica-en-las-montanas\/#breadcrumb"},"inLanguage":"fr-FR","potentialAction":[{"@type":"ReadAction","target":["https:\/\/pizzastick.es\/sundays-stick-pizza-musica-en-las-montanas\/"]}]},{"@type":"ImageObject","inLanguage":"fr-FR","@id":"https:\/\/pizzastick.es\/sundays-stick-pizza-musica-en-las-montanas\/#primaryimage","url":"https:\/\/pizzastick.es\/wp-content\/uploads\/2024\/07\/sundays-music.png","contentUrl":"https:\/\/pizzastick.es\/wp-content\/uploads\/2024\/07\/sundays-music.png","width":1080,"height":1080},{"@type":"BreadcrumbList","@id":"https:\/\/pizzastick.es\/sundays-stick-pizza-musica-en-las-montanas\/#breadcrumb","itemListElement":[{"@type":"ListItem","position":1,"name":"Portada","item":"https:\/\/pizzastick.es\/"},{"@type":"ListItem","position":2,"name":"SUNDAYS STICK: Pizza &#038; M\u00fasica en las Monta\u00f1as"}]},{"@type":"WebSite","@id":"https:\/\/pizzastick.es\/#website","url":"https:\/\/pizzastick.es\/","name":"Pizza Stick | Pizzas artesanas para los pizza lovers m\u00e1s exigentes","description":"Pizzas artisanales \u00e0 la p\u00e2te fine et croustillante, pr\u00e9par\u00e9es \u00e0 la commande 100%. Trois pizzerias \u00e0 consommer sur place ou \u00e0 domicile : Puigcerd\u00e1, Bellver et Escadarcs.","publisher":{"@id":"https:\/\/pizzastick.es\/#organization"},"alternateName":"Pizza Stick","potentialAction":[{"@type":"SearchAction","target":{"@type":"EntryPoint","urlTemplate":"https:\/\/pizzastick.es\/?s={search_term_string}"},"query-input":{"@type":"PropertyValueSpecification","valueRequired":true,"valueName":"search_term_string"}}],"inLanguage":"fr-FR"},{"@type":"Organization","@id":"https:\/\/pizzastick.es\/#organization","name":"B\u00e2ton \u00e0 pizza","url":"https:\/\/pizzastick.es\/","logo":{"@type":"ImageObject","inLanguage":"fr-FR","@id":"https:\/\/pizzastick.es\/#\/schema\/logo\/image\/","url":"https:\/\/pizzastick.es\/wp-content\/uploads\/2024\/02\/PS_LogoRedondaAmarillo.png","contentUrl":"https:\/\/pizzastick.es\/wp-content\/uploads\/2024\/02\/PS_LogoRedondaAmarillo.png","width":329,"height":329,"caption":"Pizza Stick"},"image":{"@id":"https:\/\/pizzastick.es\/#\/schema\/logo\/image\/"},"sameAs":["https:\/\/www.facebook.com\/pizzeriapizzastick","https:\/\/x.com\/pizza_stick_","https:\/\/instagram.com\/pizzeriapizzastick\/"]},{"@type":"Person","@id":"https:\/\/pizzastick.es\/#\/schema\/person\/c164ec506c453162653fb0ffe1c16cce","name":"Andrea","image":{"@type":"ImageObject","inLanguage":"fr-FR","@id":"https:\/\/secure.gravatar.com\/avatar\/ce967459384f86ddc3d69942d6e2c92fa06c1ebece9dccf6ef57e404ada6fe0b?s=96&d=mm&r=g","url":"https:\/\/secure.gravatar.com\/avatar\/ce967459384f86ddc3d69942d6e2c92fa06c1ebece9dccf6ef57e404ada6fe0b?s=96&d=mm&r=g","contentUrl":"https:\/\/secure.gravatar.com\/avatar\/ce967459384f86ddc3d69942d6e2c92fa06c1ebece9dccf6ef57e404ada6fe0b?s=96&d=mm&r=g","caption":"Andrea"},"sameAs":["https:\/\/pizzastick.es"]}]}},"_links":{"self":[{"href":"https:\/\/pizzastick.es\/fr\/wp-json\/wp\/v2\/posts\/6748","targetHints":{"allow":["GET"]}}],"collection":[{"href":"https:\/\/pizzastick.es\/fr\/wp-json\/wp\/v2\/posts"}],"about":[{"href":"https:\/\/pizzastick.es\/fr\/wp-json\/wp\/v2\/types\/post"}],"author":[{"embeddable":true,"href":"https:\/\/pizzastick.es\/fr\/wp-json\/wp\/v2\/users\/3"}],"replies":[{"embeddable":true,"href":"https:\/\/pizzastick.es\/fr\/wp-json\/wp\/v2\/comments?post=6748"}],"version-history":[{"count":7,"href":"https:\/\/pizzastick.es\/fr\/wp-json\/wp\/v2\/posts\/6748\/revisions"}],"predecessor-version":[{"id":6831,"href":"https:\/\/pizzastick.es\/fr\/wp-json\/wp\/v2\/posts\/6748\/revisions\/6831"}],"wp:featuredmedia":[{"embeddable":true,"href":"https:\/\/pizzastick.es\/fr\/wp-json\/wp\/v2\/media\/6833"}],"wp:attachment":[{"href":"https:\/\/pizzastick.es\/fr\/wp-json\/wp\/v2\/media?parent=6748"}],"wp:term":[{"taxonomy":"category","embeddable":true,"href":"https:\/\/pizzastick.es\/fr\/wp-json\/wp\/v2\/categories?post=6748"},{"taxonomy":"post_tag","embeddable":true,"href":"https:\/\/pizzastick.es\/fr\/wp-json\/wp\/v2\/tags?post=6748"}],"curies":[{"name":"wp","href":"https:\/\/api.w.org\/{rel}","templated":true}]}}